{"id":857,"date":"2018-08-28T12:01:16","date_gmt":"2018-08-28T10:01:16","guid":{"rendered":"http:\/\/nd-blog.de\/?p=857"},"modified":"2018-08-28T12:01:16","modified_gmt":"2018-08-28T10:01:16","slug":"90-jahre-nd-auf-der-marienburg-mit-kardinal-kasper-weihbischof-renz-und-annette-schavan","status":"publish","type":"post","link":"https:\/\/nd-blog.de\/?p=857","title":{"rendered":"90 Jahre \u201eND\u201c auf der Marienburg &#8211; Mit Kardinal Kasper, Weihbischof Renz und Annette Schavan"},"content":{"rendered":"<p>Die Marienburg ist seit 90 Jahren f\u00fcr den Bund Neudeutschland (ND) und auch f\u00fcr die Katholische Studierende Jugend (KSJ) ein pr\u00e4gender Ort. Zu diesem Jubil\u00e4um vom 31. August bis zum 2. September werden sich mit vielen ND&#8217;ern weit \u00fcber die Region hinaus auch <!--more-->besonders prominente G\u00e4ste einfinden: Walter Kardinal Kasper, der selbst einmal ND-Gaugraf war, Weihbischof Thomas Renz Vatikan-Botschafterin i. R. Annette Schavan und andere.<\/p>\n<p>Ein R\u00fcckblick auf die Geschichte der einstigen Fuggerburg. 1927 wurde die Burg auf ihre Eignung als Heim f\u00fcr ND begutachtet. Niederalfingen erhielt den Vorzug vor dem mitkonkurrienden W\u00e4scherschl\u00f6ssle. Zuvor war die Burg Bleibe f\u00fcr die Jugendbewegung \u201eWandervogel\u201c, mit der es anfangs Auseinandersetzungen gab.<\/p>\n<h3><span style=\"color: #800080;\"><strong>ND&#8217;er mussten Hitler-Jugend weichen<\/strong><\/span><\/h3>\n<p>Es gab sogar einen \u00dcberfall von Radaubr\u00fcdern, den der gerade anwesende Landes- Justizminister Dr. Beyerle schlichtete, dessen S\u00f6hne ND&#8217;er waren. Ab 1928 bestimmten dann endg\u00fcltig die ND&#8217;er das Leben auf der Burg. Allerdings nur f\u00fcr acht Jahre. 1936 mussten sie der Hitler-Jugend weichen. Schon ein Jahr zuvor hatte die Gestapo Abh\u00f6reinrichtungen installiert. 1942 zog eine franz\u00f6sische Kavallerieabteilung der unter Masrchall Petain mit den Deutschen paktierenden Vichi-Regierung in die Burg ein. Die Truppe zog sich in den letzten Kriegstagen nach Sigmaringen zur\u00fcck, wo sie von de Gaulles Truppen gefangen genommen und sp\u00e4ter als Kollaborateure hingerichtet worden sein sollen.<\/p>\n<p>1945 konnte ND die Burg wieder in Besitz nehmen. Und da erwies sich die langj\u00e4hrige Burgk\u00f6chin \u201eTante Lina\u201c als absoluter Gl\u00fccksfall. In diesen schweren Notzeiten f\u00fctterte sie mit vielen Gro\u00dfstadt-Jugendlichen auch viele hungrige Burgbesucher aus der Umgebung durch &#8211; nicht zuletzt die Georgspfadfinder &#8211; die ihren Gau nach der Burg benannt hatten. F\u00fcr viele unvergessen 1947 der Besuch des von den Nazis aus seiner Di\u00f6zese verbannten Bekennerbischof Dr. Johann Baptista Sproll. Obwohl der Schwerkranke nur auf einem Tragsessel bef\u00f6rdert werden konnte, besuchte er das ND-S\u00fcdmarktreffen mit 400 Beteiligten. Nach einer Wallfahrt zur H\u00fcttlinger Marienkapelle mit dem geistlichen ND-Leiter Pater Esch SJ an der Spitze, weihte er das Niederalfinger Bollwerk als Marienburg.<\/p>\n<p>Aber auch dar\u00fcber hinaus waren alle ND-Treffen unter dem Motto ihres Bundes \u201eNeue Lebensgestaltung in Christus\u201c auf der Burg jedesmal ein Ereignis f\u00fcrs ganz H\u00fcttlingen- unter anderem die j\u00e4hrlichen Lager der K\u00f6lner NDer, vor allem jedoch 1956 das Europa-Lager, bei welchem an der Dorfkapelle ein S\u00fchnekreuz errichtet wurde, und 1957 das Ernst-Reuter-Dorf mit Berliner Jugendlichen.<\/p>\n<p>Zum Leben auf der Burg hat nicht zuletzt der Verein \u201eHeimatliebe Niederalfingen\u201c mit eigenen Festen beigetragen. Deren Mitglieder halfen auch bei der Vorbereitung der Robbin-Hood-Auff\u00fchrungen durch das Theater der Stadt Aalen.<\/p>\n<p>1963 bis 1966 wurde mit Spendengeldern und viel pers\u00f6nlichem Einsatz von ND&#8217;ern der denkmalgerechte unauff\u00e4llig eingepasste Anbau errichtet, durch den die Burg zu einer zeitgem\u00e4\u00dfen Freizeitsst\u00e4tte wurde. Die Burg wird seither von der KSJ genutzt. Mit Blick auf sie wurde der Mietvertrag 2012 durch unerm\u00fcdlichen Einsatz des damaligen Burgbeauftragten Bernd Brasse (Ellwangen) erneut verl\u00e4ngert &#8211; von Kirchengemeinde, von Firm- wie Ministrantengruppen, von kirchlichen und weltlichen Vereinen, von Schulklassen, von Sprachkursen, Chor- und Musikgruppen, von jungen Erwachsenen und Familien. Dabei erwiesen sich ein neu geschaffener Speisesaal als Glasanbau und andere Umbauma\u00dfnahmen von gro\u00dfem Nutzen.<\/p>\n<h3><span style=\"color: #800080;\"><strong>Das Jubil\u00e4umsprogramm<\/strong><\/span><\/h3>\n<p><strong>Freitag:<\/strong> Es gibt ein gem\u00fctliches Zusammensein zum Auftakt des Festes.<\/p>\n<p><strong>Samstag:<\/strong> Burgf\u00fchrungen in Kleingruppen, Bilderschau \u00fcber die zur\u00fcckliegenden 90 Jahre. Pr\u00e4sentation des k\u00fcnstlerischen Schaffen des 2015 verstorbenen Raphael Seitz, der mit farbigen Fenstern auch dem jetzt neugestalteten Meditationsraum im Bergfried eine besondere Note gegeben hat. Am Nachmittag Gespr\u00e4chsrunden mit dem Uni-Kanzler Ignaz Bender \u00fcber dessen Buch \u201eWeltordnung\u201c,sowie mit ND-Regionalleiter Wolfgang Kramer \u00fcber \u201eWo steht die Kirche heute\u201c. Moderation P. Martin Hurter SJ..<\/p>\n<p><strong>\u201eEinstieg\u201c<\/strong> hei\u00dft das Motto des den Tag abschlie\u00dfenden Bunten Abends.Lagerfeuer und gemeinsames Singen-<\/p>\n<p><strong>Sonntag:<\/strong> Um 9.30 Uhr Festgottesdienst mit Walter Kardinal Kasper und Weihbischof Thomas Maria Renz im Zelt im Burggraben. Um 11 Uhr Empfang der Ehreng\u00e4ste. Um 12 Uhr Festvortrag von Pater Klaus Mertes SJ: \u201eBesondere Orte f\u00fcr die Jugerd &#8211; fr\u00fcher und k\u00fcnftig\u201c.<\/p>\n<p style=\"text-align: right;\"><span style=\"color: #800080;\"><em>Text von Erwin Haffner, Redakteur des Pfalzbriefes der Region W\u00fcrttemberg. Der Artikel ist gestern in der Gm\u00fcnder Tagespost erschienen. Das Bild aus dem Jahre 1957 zeigt den Besuch des verstorbenen Di\u00f6zesanbischofs Dr. Carl Joseph Leiprecht bei einem ND-Pfingsttreffen in Niederalfingen.<br \/>\n<\/em><\/span><\/p>\n","protected":false},"excerpt":{"rendered":"<p>Die Marienburg ist seit 90 Jahren f\u00fcr den Bund Neudeutschland (ND) und auch f\u00fcr die Katholische Studierende Jugend (KSJ) ein pr\u00e4gender Ort. Zu diesem Jubil\u00e4um vom 31. August bis zum 2. September werden sich mit vielen ND&#8217;ern weit \u00fcber die Region hinaus auch<\/p>\n","protected":false},"author":3,"featured_media":858,"comment_status":"open","ping_status":"closed","sticky":false,"template":"","format":"standard","meta":{"jetpack_post_was_ever_published":false,"_jetpack_newsletter_access":"","_jetpack_dont_email_post_to_subs":false,"_jetpack_newsletter_tier_id":0,"_jetpack_memberships_contains_paywalled_content":false,"_jetpack_memberships_contains_paid_content":false,"footnotes":"","jetpack_publicize_message":"","jetpack_publicize_feature_enabled":true,"jetpack_social_post_already_shared":true,"jetpack_social_options":{"image_generator_settings":{"template":"highway","default_image_id":0,"font":"","enabled":false},"version":2}},"categories":[9,21,19,13],"tags":[],"class_list":["post-857","post","type-post","status-publish","format-standard","has-post-thumbnail","hentry","category-burgtag","category-jubilaeum","category-ksj","category-regionales"],"jetpack_publicize_connections":[],"jetpack_featured_media_url":"https:\/\/i0.wp.com\/nd-blog.de\/wp-content\/uploads\/2018\/08\/niederalfingen.jpg?fit=635%2C431&ssl=1","jetpack_sharing_enabled":true,"jetpack_shortlink":"https:\/\/wp.me\/p8Nw5X-dP","jetpack-related-posts":[],"_links":{"self":[{"href":"https:\/\/nd-blog.de\/index.php?rest_route=\/wp\/v2\/posts\/857","targetHints":{"allow":["GET"]}}],"collection":[{"href":"https:\/\/nd-blog.de\/index.php?rest_route=\/wp\/v2\/posts"}],"about":[{"href":"https:\/\/nd-blog.de\/index.php?rest_route=\/wp\/v2\/types\/post"}],"author":[{"embeddable":true,"href":"https:\/\/nd-blog.de\/index.php?rest_route=\/wp\/v2\/users\/3"}],"replies":[{"embeddable":true,"href":"https:\/\/nd-blog.de\/index.php?rest_route=%2Fwp%2Fv2%2Fcomments&post=857"}],"version-history":[{"count":3,"href":"https:\/\/nd-blog.de\/index.php?rest_route=\/wp\/v2\/posts\/857\/revisions"}],"predecessor-version":[{"id":861,"href":"https:\/\/nd-blog.de\/index.php?rest_route=\/wp\/v2\/posts\/857\/revisions\/861"}],"wp:featuredmedia":[{"embeddable":true,"href":"https:\/\/nd-blog.de\/index.php?rest_route=\/wp\/v2\/media\/858"}],"wp:attachment":[{"href":"https:\/\/nd-blog.de\/index.php?rest_route=%2Fwp%2Fv2%2Fmedia&parent=857"}],"wp:term":[{"taxonomy":"category","embeddable":true,"href":"https:\/\/nd-blog.de\/index.php?rest_route=%2Fwp%2Fv2%2Fcategories&post=857"},{"taxonomy":"post_tag","embeddable":true,"href":"https:\/\/nd-blog.de\/index.php?rest_route=%2Fwp%2Fv2%2Ftags&post=857"}],"curies":[{"name":"wp","href":"https:\/\/api.w.org\/{rel}","templated":true}]}}