{"id":748,"date":"2018-03-03T20:02:30","date_gmt":"2018-03-03T19:02:30","guid":{"rendered":"http:\/\/nd-blog.de\/?p=748"},"modified":"2018-03-03T20:16:01","modified_gmt":"2018-03-03T19:16:01","slug":"versteht-sich-der-nd-politisch-start-der-debattenserie","status":"publish","type":"post","link":"https:\/\/nd-blog.de\/?p=748","title":{"rendered":"Versteht sich der ND politisch? &#8211; Start einer Debattenserie des Ak &#8218;Gerechtigkeit &#038; Globalisierung&#8216;"},"content":{"rendered":"<p>\u201eWillkommen im Schlaraffenl\u00e4ndle\u201c prangt ein gro\u00dfes Banner am alten Teil des Stuttgarter Hauptbahnhofes, der sich in eine Riesenbaustelle verwandelt hat, oder \u2013 je nach Sichtweise &#8211; in ein Megastadtentwicklungsprojekt. Ergebnis der Baden-W\u00fcrttemberg-weiten Volksabstimmung.<\/p>\n<p>R\u00fcckblende. Der tiefgreifende Zwist im Musterl\u00e4ndle brach im Sommer 2010 nach dem KMF-Kongress in Fellbach\/Stuttgart massiv aus. Die allermeisten W\u00fcrttemberger ND\u2018er hatten Stuttgart 21 in der Kongressvorbereitung als unwesentlich und unerheblich abgetan. Kongressthema: \u201eGott, die Stadt und die Menschen&#8220; klar verfehlt.<\/p>\n<p>Diesen Sonntag gegen Mittag <!--more-->gibt es das Resultat der Mitgliederbefragung der zerzausten Sozialdemokratie zur GroKo. In einem Hintergrundbericht ist zu lesen, wie heftig die SPD in Stuttgart ringt. Der Stuttgarter Ortsvereinsvorsitzende hatte die Alternative mit einer frischen Tomate und einer B\u00fcchse Konserventomaten verglichen. Jetzt trifft er auf Bundestagsabgeordnete, eine fr\u00fchere stellv. Parteivorsitzende und Spitzenkandidatin im L\u00e4ndle. Zur GroKo-Bef\u00fcrworterin meint er: \u201eMan k\u00e4mpfe doch gar nicht auf verschiedenen Seiten, sondern betrachte das Thema nur aus verschiedenen Perspektiven. \u201c<\/p>\n<p>Nun haben wir im ND das Gl\u00fcck, nicht akut \u00fcber eine Koalition entscheiden zu m\u00fcssen. Aber Zukunftsexistenzfragen besch\u00e4ftigen Verantwortliche und Strategen mit wachsender Intensit\u00e4t. Auch in der gr\u00f6\u00dften oder zweigr\u00f6\u00dften Region. Die Nachwuchssorgen schlagen immer wieder durch, obwohl es doch um die inhaltliche Ausrichtung gehen soll. Versemmeln wir im ND vor lauter Zukunftssorgenperspektiven Chancen in der Gegenwart? Der ND, egal ob Verband oder Bund, hat nur eine \u00dcberlebenschance, wenn er &#8211; raus aus grauer W\u00e4nde Mauern &#8211; sich in die Gesellschaft einmischt. Die Erkenntnis aus dem Entwicklungsprozess steht zur Debatte.<\/p>\n<p>\u201eVersteht sich der ND (als) politisch?\u201c ist die Devise einer Debattenserie, die der Ak \u201aGerechtigkeit &amp; Globalisierung\u2018 in diesem Jahr durchf\u00fchrt.\u00a0 Erkl\u00e4rtes Ziel des Kooperationsprojektes ist, mit Bundesgeschwistern in verschiedenen Regionen und Konstellationen \u00fcber die Streitfrage der politischen Identit\u00e4t des Verbandes zu diskutieren und den Meinungsbildungsprozess innerhalb des Bundes zu bef\u00f6rdern, ohne eine Entscheidung zu pr\u00e4judizieren. Der Start ist jetzt in Stuttgart gewesen. Die n\u00e4chste Debatte ist f\u00fcr MIttwoch auf dem Kongress in Dresden terminiert.<\/p>\n<h3><strong><span style=\"color: #800080;\">Start in der Region W\u00fcrttemberg<\/span><\/strong><\/h3>\n<p>Eine interessante Runde hat der Regionalleiter in Schwaben zusammengetrommelt: Einer, der nach dem Zweiten Weltkrieg eingetreten ist, den Verantwortlichen f\u00fcr alle Stuttgarter Gruppen, einem Kritiker der letzten ND-Entscheidungssprozesse bis zum hauptberuflichen Bildungsreferenten der KSJ RoStu. \u00dcberhaupt Verbandkontinuit\u00e4ten werden in der Langzeitperspektive sichtbar, treffen sich zwei ehemalige Geistliche Leiter der KSJ, der damals Priester, der andere Laie oder trifft der jetzige KSJ-Referent auf seinen Urvorg\u00e4nger aus Anfang der Siebziger.<\/p>\n<p>Diese Konstellation erleichtert eine schnelle Verst\u00e4ndigung \u00fcber die Grundposition. Klar gilt das Hirschbergsche Diktum zur \u201eBereitschaft, Kirche, Politik und Gesellschaft mitzugestalten und Verantwortung zu \u00fcbernehmen\u201c. Konsequenterweise schlie\u00dfe man sich zusammen, um. \u201eals kritische Stimme in der Kirche und Gesellschaft\u201c politische Wirkung zu entfalten.<\/p>\n<p>Aber was hei\u00dft dies konkret im Raum Stuttgart? Innerhalb der ND-Gruppen streiften die Mitglieder bisweilen politische Fragen. Aber auf der Regionalebene vermisste die Gespr\u00e4chsrunde \u00fcbergreifende gesellschaftliche Impulse. Bei der Recherche, was an politischen Inhalten der ND \u00f6ffentlich machen k\u00f6nnte, gab es zwei Themenfelder.<\/p>\n<h3><span style=\"color: #800080;\">Zwei politische Themen auf der Agenda<\/span><\/h3>\n<p>Die Rolle der pers\u00f6nlichen Gewissensentscheidung werde bei der letzten bisch\u00f6flichen Kompromisslinie zum gemeinsamen Kommunionempfang von Katholiken und Protestanten weitgehend ausgeklammert, ereifern gleich mehrere. Die priesterliche Einzelfallbeurteilung sei schlicht realit\u00e4tsfern. Betrachtet man die Gruppen, herrscht bei fast allen \u00c4lteren \u00fcberall viel Aufgeschlossenheit f\u00fcr die konziliare Erneuerung. Aber eine tiefgreifende Resignation ist auch zu konstatieren. Impulse von der Kirchenleitung erwartet die wenigsten noch.<\/p>\n<p>Ein zweiter Graben wird \u00fcberdeutlich. F\u00fcr die J\u00fcngeren im Bund stellt sich das Problem \u00fcberhaupt nicht mehr. Aber klar registriere und unterst\u00fctze die KSJ entsprechende Positionierungen, hei\u00dft es. Aber kirchenpolirtische Stellungnahmen rei\u00dfen den Jugendverband eben auch nicht vom Hocker. Die politischen Aktivit\u00e4ten entz\u00fcndeten sich bei KSJ\u2018lerInnen, bei Unrechtserfahrungen im schulischen Umfeld und beim Einsatz f\u00fcr mehr Gerechtigkeit in globalen Kontexten. Gleich Samstag fr\u00fch, verspricht der Regionalleiter, der auch f\u00fcr &#8218;pro concilio&#8216; aktiv ist, werde er eine Stellungnahme entwerfen und die Mitglieder kontaktieren.<\/p>\n<p>Zweites Thema: H\u00f6heren Wellenschlag hatte auch der Unvereinbarkeitsbeschluss mit der AfD ausgel\u00f6st. Auf dem Regionalrat gab es Proteste und eine Diskussion speziell \u00fcber die negative Wahlempfehlung gegeben. Sympathien mit den v\u00f6lkischen Nationalisten teilt in der Runde keiner, aber gleichzeitig st\u00f6\u00dft das Top-Down auch auf Befremden. Wo \u00f6ffnen sich im ND Diskussionsr\u00e4ume, in denen um politische Streitfragen \u201egerungen, vielschichtig, kontrovers, aber auch dialogisch und fair diskutiert werden kann\u201c? Zwei L\u00f6sungswege entwickeln sich im Laufe des Gespr\u00e4ches: Bis zu einer n\u00e4chsten regionalen Versammlung das Pro- und Kontra im Pfalzbrief zu er\u00f6rtern und zweitens auf dem ND-Rat in Dresden die Kritik aus W\u00fcrttemberg anzubringen.<\/p>\n<p>Ohnehin: Bei der Berichterstattung \u00fcber Veranstaltungen in den Zeitschriften w\u00fcnscht die Runde unisono, st\u00e4rker die verschiedenen Perspektiven herauszuarbeiten. Vielf\u00e4ltigkeit und Diskussionsfreudigkeit sei eine St\u00e4rke des ND, die keinesfalls unter den Scheffel gestellt werden d\u00fcrfe. Das erinnert dann doch verbl\u00fcffend an die gro\u00dfe Politik, wo der Ausgang auch ungewiss ist.<\/p>\n","protected":false},"excerpt":{"rendered":"<p>\u201eWillkommen im Schlaraffenl\u00e4ndle\u201c prangt ein gro\u00dfes Banner am alten Teil des Stuttgarter Hauptbahnhofes, der sich in eine Riesenbaustelle verwandelt hat, oder \u2013 je nach Sichtweise &#8211; in ein Megastadtentwicklungsprojekt. Ergebnis der Baden-W\u00fcrttemberg-weiten Volksabstimmung. R\u00fcckblende. Der tiefgreifende Zwist im Musterl\u00e4ndle brach im Sommer 2010 nach dem KMF-Kongress in Fellbach\/Stuttgart massiv aus. Die allermeisten W\u00fcrttemberger ND\u2018er hatten &hellip; <a href=\"https:\/\/nd-blog.de\/?p=748\" class=\"more-link\"><span class=\"screen-reader-text\">Versteht sich der ND politisch? &#8211; Start einer Debattenserie des Ak &#8218;Gerechtigkeit &#038; Globalisierung&#8216;<\/span> weiterlesen<\/a><\/p>\n","protected":false},"author":3,"featured_media":750,"comment_status":"open","ping_status":"closed","sticky":false,"template":"","format":"standard","meta":{"jetpack_post_was_ever_published":false,"_jetpack_newsletter_access":"","_jetpack_dont_email_post_to_subs":false,"_jetpack_newsletter_tier_id":0,"_jetpack_memberships_contains_paywalled_content":false,"_jetpack_memberships_contains_paid_content":false,"footnotes":"","jetpack_publicize_message":"","jetpack_publicize_feature_enabled":true,"jetpack_social_post_already_shared":true,"jetpack_social_options":{"image_generator_settings":{"template":"highway","default_image_id":0,"font":"","enabled":false},"version":2}},"categories":[14,16,6,18],"tags":[],"class_list":["post-748","post","type-post","status-publish","format-standard","has-post-thumbnail","hentry","category-arbeitskreise","category-nd-entwicklungsprozess","category-nextday","category-zukunft-des-nd"],"jetpack_publicize_connections":[],"jetpack_featured_media_url":"https:\/\/i0.wp.com\/nd-blog.de\/wp-content\/uploads\/2018\/03\/ampelm%C3%A4nnchen-bleu.jpg?fit=2000%2C1500&ssl=1","jetpack_sharing_enabled":true,"jetpack_shortlink":"https:\/\/wp.me\/p8Nw5X-c4","jetpack-related-posts":[],"_links":{"self":[{"href":"https:\/\/nd-blog.de\/index.php?rest_route=\/wp\/v2\/posts\/748","targetHints":{"allow":["GET"]}}],"collection":[{"href":"https:\/\/nd-blog.de\/index.php?rest_route=\/wp\/v2\/posts"}],"about":[{"href":"https:\/\/nd-blog.de\/index.php?rest_route=\/wp\/v2\/types\/post"}],"author":[{"embeddable":true,"href":"https:\/\/nd-blog.de\/index.php?rest_route=\/wp\/v2\/users\/3"}],"replies":[{"embeddable":true,"href":"https:\/\/nd-blog.de\/index.php?rest_route=%2Fwp%2Fv2%2Fcomments&post=748"}],"version-history":[{"count":8,"href":"https:\/\/nd-blog.de\/index.php?rest_route=\/wp\/v2\/posts\/748\/revisions"}],"predecessor-version":[{"id":759,"href":"https:\/\/nd-blog.de\/index.php?rest_route=\/wp\/v2\/posts\/748\/revisions\/759"}],"wp:featuredmedia":[{"embeddable":true,"href":"https:\/\/nd-blog.de\/index.php?rest_route=\/wp\/v2\/media\/750"}],"wp:attachment":[{"href":"https:\/\/nd-blog.de\/index.php?rest_route=%2Fwp%2Fv2%2Fmedia&parent=748"}],"wp:term":[{"taxonomy":"category","embeddable":true,"href":"https:\/\/nd-blog.de\/index.php?rest_route=%2Fwp%2Fv2%2Fcategories&post=748"},{"taxonomy":"post_tag","embeddable":true,"href":"https:\/\/nd-blog.de\/index.php?rest_route=%2Fwp%2Fv2%2Ftags&post=748"}],"curies":[{"name":"wp","href":"https:\/\/api.w.org\/{rel}","templated":true}]}}