{"id":328,"date":"2017-01-17T02:27:11","date_gmt":"2017-01-17T01:27:11","guid":{"rendered":"http:\/\/nd-blog.de\/?p=328"},"modified":"2017-01-17T02:30:41","modified_gmt":"2017-01-17T01:30:41","slug":"so-bringen-wir-farbe-in-den-verband-agenda-ak-junge-kmf-2017","status":"publish","type":"post","link":"https:\/\/nd-blog.de\/?p=328","title":{"rendered":"So bringen wir Farbe in den Verband &#8211; Agenda Ak junge KMF 2017"},"content":{"rendered":"<p>Der Ak junge KMF trifft sich am 27.\/28. Januar in K\u00f6ln. Dies ist unsere Agenda f\u00fcr das <a href=\"https:\/\/nd-blog.de\/?p=251\" target=\"_blank\">Vernetzungs- und Strategietreffen des Ak junge KMF 2017<\/a>.\u00a0 Der Start am Freitag ist in der Jugendherberge K\u00f6ln-Riehl. Das Ende am Samstag in der ND-Gesch\u00e4ftsstelle.<\/p>\n<p>Herzlich Willkommen allen <!--more-->Verantwortlichen der ND-J\u00fcngerenaktivit\u00e4ten und Interessierten. F\u00fcr Eure Anmeldungen nutzt bitte das <a href=\"http:\/\/www.nd-netz.de\/veranstaltungen\/anmeldungen.html\" target=\"_blank\">Tool auf der ND-Website<\/a>.<\/p>\n<p><strong>Freitag, 27. Januar, 18:00 \u2013 19:00 Uhr, Jugendherberge K\u00f6ln-Riehl<br \/>\n<\/strong><\/p>\n<p style=\"text-align: center;\"><strong><span style=\"color: #800080;\">&#8212; Check-In &amp; Abendessen &#8212;<\/span><\/strong><\/p>\n<p>F\u00fcr sp\u00e4ter Anreisende werden wir einen Snack bereitstellen. Bitte vorher\u00a0 Bescheid sagen.<\/p>\n<p><strong>19:15 \u2013 20:45 Uhr<\/strong><\/p>\n<h3><strong><span style=\"color: #800080;\">Austausch zwischen den Treffen<\/span><\/strong><\/h3>\n<p>Was sind die j\u00fcngsten und aufregendsten Trends auf Werkwochen und Pfingsttreffen? Auf Ora-et-Labora und dem Burgtag? In den ND-Ferien und beim Ak JugeND? Beim ND-Kongress und bei der Firmung?\u00a0 Die \u00fcbergreifenden Fragestellungen:<\/p>\n<ul>\n<li><strong>Was ist eine besonders gelungene Aktion gewesen, Inhalte zu transportieren<\/strong><\/li>\n<li><strong>Wie habt ihr die Zielgruppe integriert: organisierte Jugend \/ unorganisierte Jugend \/ (End)Studierende \/ Starter-Familien <\/strong><\/li>\n<li><strong>Welche Unterst\u00fctzung braucht Ihr von der Gesch\u00e4ftsstelle? <\/strong><\/li>\n<\/ul>\n<p><strong>nach einer kurzen Pause im Anschluss \u2013 max. 21:45 Uhr <\/strong><\/p>\n<h3><span style=\"color: #800080;\">Austausch mit der ND-Leitung<\/span><\/h3>\n<p>Wohin steuert der Verband?\u00a0 Was besch\u00e4ftigt gerade die ND-Leitungsmitglieder?\u00a0 Input vom stellv. ND-Leiter <strong>Gerd Goliasch<\/strong> und Kanzler <strong>Martin T\u00f6lle<\/strong>.<\/p>\n<p>An diesem Punkt geht es auch um die Ratsentscheidungen und unsere Antr\u00e4ge Satzungs\u00e4nderung \u00a0insb. Vertretung auf dem Rat und Mitgliedsalter &amp; -beitr\u00e4ge sowie zum CMS-System \/ NextDay-Blog.<\/p>\n<p style=\"text-align: center;\"><strong><span style=\"color: #800080;\">&#8212; Fr\u00fchst\u00fcck &#8212;<\/span><\/strong><\/p>\n<p><strong>Samstag, 28. Januar, 8:51 \u2013 9:10 Uhr <\/strong><\/p>\n<p style=\"text-align: center;\"><strong><span style=\"color: #800080;\">Umzug in die Gabelsberger Str. 19 \u2013 Linie 18<\/span><\/strong><\/p>\n<p><strong>9:30 \u2013 10:30 Uhr, ND-Gesch\u00e4ftsstelle, Gabelsberger Str. 19 <\/strong><\/p>\n<h3><strong><span style=\"color: #800080;\">Zielsetzungsdebatte<\/span><\/strong><\/h3>\n<p>Welche Zielsetzung soll der Ak junge KMF in der n\u00e4chsten Zeit verfolgen? \u00a0Welche Rolle und welches Verh\u00e4ltnis zum Gesamtbund schreiben wir dem Ak zu? Welche Konsequenzen hat die Aufgabenzuschreibung dann f\u00fcr Ak-Leitung und Struktur (Tagung \/ Blog). Ist der Arbeitskreis<\/p>\n<ul>\n<li><strong>\u00fcberfl\u00fcssig?<\/strong><\/li>\n<li><strong>Oder ein Organisationszirkel f\u00fcr Werkwochen &amp; Pfingsttreffen?<\/strong><\/li>\n<li><strong>Oder ein Vernetzungstreffen mit weiteren j\u00fcngeren ND-Aktivit\u00e4ten ?<\/strong><\/li>\n<li><strong>Oder ein Austauschforum f\u00fcr Zukunftsstrategien aus der Perspektive der J\u00fcngeren? <\/strong><\/li>\n<\/ul>\n<p><strong>\u00a010:45 \u2013 10:59 Uhr<\/strong><\/p>\n<h3><strong><span style=\"color: #800080;\">\u201eDem Kind einen Namen geben\u201c<\/span><\/strong><\/h3>\n<p>Welchen neuen Namen geben wir uns, nachdem die \u201eKMF\u201c jetzt \u201aND\u2018\u00a0 hei\u00dft? \u00a0Erste Vorschl\u00e4ge gibt es bereits:<\/p>\n<ul>\n<li><strong>Ak Kultur <\/strong>(J\u00fcngeren-Veranstaltungen bieten besondere Kulturerlebnisse)<\/li>\n<li><strong>Ak interregio <\/strong>(Vernetzung zwischen Bundesgeschwistern)<\/li>\n<li><strong>Ak ND &amp; Anfang <\/strong>(richtig betonen \u2026)<\/li>\n<\/ul>\n<p>Eurer Fantasie sind keine Grenzen gesetzt. Der beste Vorschlag bekommt ein FAIRE TRADE-Paket.<\/p>\n<p><strong>11:10\u2013 13:10 Uhr <\/strong><\/p>\n<h3><strong><span style=\"color: #800080;\">ND-Entwicklungsprozess<\/span><\/strong><\/h3>\n<p>Was gibt es Neues aus der Steuerungsgruppe des ND-Entwicklungsprozesses. Input von <strong>Hilke<\/strong>, <strong>Franziskus <\/strong>und <strong>Franz<\/strong>, alle sind Mitglieder der Steuerungsgruppe.<\/p>\n<p style=\"text-align: center;\"><strong><span style=\"color: #800080;\">&#8212; Mittagssnack &#8212;<\/span><\/strong><\/p>\n<p><strong>14:00\u2013 15:30 Uhr <\/strong><\/p>\n<h3><span style=\"color: #800080;\">Finanzen &amp; Orga<\/span><\/h3>\n<p>Wie teilen wir das knappere Budget, das f\u00fcr J\u00fcngeren-Aktivit\u00e4ten zur Verf\u00fcgung steht? Was gibt es organisatorisch f\u00fcr 2017 \/ 2018 zu bedenken?\u00a0 Zahlen, Daten, Fakten kommen von <strong>Franziskus<\/strong><\/p>\n<p>Wir freuen uns auf Euch!<\/p>\n<p>Maria, Franz, Joe<\/p>\n<p>&nbsp;<\/p>\n<p><strong>\u00a0<\/strong><\/p>\n","protected":false},"excerpt":{"rendered":"<p>Der Ak junge KMF trifft sich am 27.\/28. Januar in K\u00f6ln. Dies ist unsere Agenda f\u00fcr das Vernetzungs- und Strategietreffen des Ak junge KMF 2017.\u00a0 Der Start am Freitag ist in der Jugendherberge K\u00f6ln-Riehl. Das Ende am Samstag in der ND-Gesch\u00e4ftsstelle. Herzlich Willkommen allen<\/p>\n","protected":false},"author":3,"featured_media":252,"comment_status":"open","ping_status":"closed","sticky":false,"template":"","format":"standard","meta":{"jetpack_post_was_ever_published":false,"_jetpack_newsletter_access":"","_jetpack_dont_email_post_to_subs":false,"_jetpack_newsletter_tier_id":0,"_jetpack_memberships_contains_paywalled_content":false,"_jetpack_memberships_contains_paid_content":false,"footnotes":"","jetpack_publicize_message":"","jetpack_publicize_feature_enabled":true,"jetpack_social_post_already_shared":false,"jetpack_social_options":{"image_generator_settings":{"template":"highway","default_image_id":0,"font":"","enabled":false},"version":2}},"categories":[11,14,9,16,10,6,3,5,4],"tags":[],"class_list":["post-328","post","type-post","status-publish","format-standard","has-post-thumbnail","hentry","category-ak-netz","category-arbeitskreise","category-burgtag","category-nd-entwicklungsprozess","category-nd-ferien","category-nextday","category-oralabora","category-pfingsttreffen","category-werkwochen"],"jetpack_publicize_connections":[],"jetpack_featured_media_url":"https:\/\/i0.wp.com\/nd-blog.de\/wp-content\/uploads\/2016\/12\/kopf-regenbogen.jpg?fit=2438%2C1616&ssl=1","jetpack_sharing_enabled":true,"jetpack_shortlink":"https:\/\/wp.me\/p8Nw5X-5i","jetpack-related-posts":[],"_links":{"self":[{"href":"https:\/\/nd-blog.de\/index.php?rest_route=\/wp\/v2\/posts\/328","targetHints":{"allow":["GET"]}}],"collection":[{"href":"https:\/\/nd-blog.de\/index.php?rest_route=\/wp\/v2\/posts"}],"about":[{"href":"https:\/\/nd-blog.de\/index.php?rest_route=\/wp\/v2\/types\/post"}],"author":[{"embeddable":true,"href":"https:\/\/nd-blog.de\/index.php?rest_route=\/wp\/v2\/users\/3"}],"replies":[{"embeddable":true,"href":"https:\/\/nd-blog.de\/index.php?rest_route=%2Fwp%2Fv2%2Fcomments&post=328"}],"version-history":[{"count":7,"href":"https:\/\/nd-blog.de\/index.php?rest_route=\/wp\/v2\/posts\/328\/revisions"}],"predecessor-version":[{"id":335,"href":"https:\/\/nd-blog.de\/index.php?rest_route=\/wp\/v2\/posts\/328\/revisions\/335"}],"wp:featuredmedia":[{"embeddable":true,"href":"https:\/\/nd-blog.de\/index.php?rest_route=\/wp\/v2\/media\/252"}],"wp:attachment":[{"href":"https:\/\/nd-blog.de\/index.php?rest_route=%2Fwp%2Fv2%2Fmedia&parent=328"}],"wp:term":[{"taxonomy":"category","embeddable":true,"href":"https:\/\/nd-blog.de\/index.php?rest_route=%2Fwp%2Fv2%2Fcategories&post=328"},{"taxonomy":"post_tag","embeddable":true,"href":"https:\/\/nd-blog.de\/index.php?rest_route=%2Fwp%2Fv2%2Ftags&post=328"}],"curies":[{"name":"wp","href":"https:\/\/api.w.org\/{rel}","templated":true}]}}