{"id":251,"date":"2016-12-23T09:12:54","date_gmt":"2016-12-23T08:12:54","guid":{"rendered":"http:\/\/nd-blog.de\/?p=251"},"modified":"2016-12-29T15:02:58","modified_gmt":"2016-12-29T14:02:58","slug":"wir-bringen-farbe-in-den-verband-einladung-zum-ak-treffen","status":"publish","type":"post","link":"https:\/\/nd-blog.de\/?p=251","title":{"rendered":"Wir bringen Farbe in den Verband &#8211; Einladung zum Ak-Treffen"},"content":{"rendered":"<p>F\u00fcr den <strong>27. und 28. Januar <\/strong>laden wir Euch,\u00a0 Verantwortliche f\u00fcr j\u00fcngste &amp; j\u00fcngere Verbandsaktivit\u00e4ten und Interessierte, zum j\u00e4hrlichen Vernetzungs-, Koordinations- und Strategietreffens des Ak junge KMF nach K\u00f6ln ein. Auf Anhieb sind uns diese Fragen eingefallen. Wir freuen uns auf Eure Erg\u00e4nzungen.<\/p>\n<p>Folgende Themen schlagen wir vor:<\/p>\n<p><!--more--><\/p>\n<ul>\n<li>Was sind die <span style=\"color: #800080;\"><strong>j\u00fcngsten und aufregendsten Trends <\/strong><\/span>auf Werkwochen und Pfingsttreffen? Auf Ora-et-Labora und dem Burgtag? In den ND-Ferien und beim Ak JugeND? Beim ND-Kongress und bei der Firmung?<\/li>\n<li>Welche <span style=\"color: #800080;\"><strong>Zielsetzung soll der Ak<\/strong><\/span> junge KMF in der n\u00e4chsten Zeit verfolgen? Welchen neuen Namen geben wir uns, nachdem die \u201eKMF\u201c jetzt \u201aND\u2018 hei\u00dft? F\u00fcr den besten, originellsten Vorschlag gibt es ein faire-trade-Paket.<\/li>\n<li>Was gibt es <span style=\"color: #800080;\"><strong>Neues <\/strong><\/span>aus der Steuerungsgruppe des Verbandsentwicklungsprozesses und von der Initiative \u201eNextDay\u201c?<\/li>\n<li>Wie teilen wir das <span style=\"color: #800080;\"><strong>knappere Budget, das f\u00fcr J\u00fcngeren-Aktivit\u00e4ten<\/strong><\/span> zur Verf\u00fcgung steht? Was gibt es organisatorisch f\u00fcr das n\u00e4chste Jahr zu bedenken?<\/li>\n<\/ul>\n<p>Tauschen wir uns gemeinsam aus!<\/p>\n<p>Wir freuen uns auf Verantwortliche aus<\/p>\n<ul>\n<li><strong>Heiligenstadt <\/strong>&#8211; Werkwoche<\/li>\n<li><strong>M\u00fcnster <\/strong>&#8211; Werkwoche<\/li>\n<li><strong>Roggenburg <\/strong>&#8211; Werkwoche<\/li>\n<li><strong>Stapelfeld <\/strong>&#8211; Werkwoche<\/li>\n<li><strong>Steinerskirchen <\/strong>\u2013 Pfingstreffen<\/li>\n<li><strong>Venusberg <\/strong>\u2013 Pfingsttreffen<\/li>\n<li><strong>Wohldenberg <\/strong>&#8211; Pfingsttreffen<\/li>\n<li><strong>Burgtag <\/strong>\u2013 Neuerburg<\/li>\n<li><strong>Ora &amp; Labora <\/strong>\u2013 Neuerburg<\/li>\n<li><strong>ND-Ferien <\/strong>in Warth + Aldein<\/li>\n<\/ul>\n<p><strong>\u00a0s<\/strong>owie<\/p>\n<ul>\n<li><strong>Firmungsteam 2017<\/strong><\/li>\n<li><strong>Programmkommission <\/strong><\/li>\n<li><strong>ND-Leitung (polit.\/geistl.) <\/strong><\/li>\n<li><strong>Gesch\u00e4ftsf\u00fchrung<\/strong><\/li>\n<li><strong>Ak JugeND<\/strong><\/li>\n<li><strong>Steuerungsgruppe <\/strong><\/li>\n<li><strong>Initiative Next Day <\/strong><\/li>\n<\/ul>\n<h3><span style=\"color: #333399;\">Wo &amp; Wann ?<\/span><\/h3>\n<p>in K\u00f6ln, <strong>Freitag\/Samstag, 27. \u2013 28. Januar 2017<\/strong> in der Jugendherberge K\u00f6ln-Riehl.<\/p>\n<p><strong>Beginn<\/strong> ist mit dem Abendessen 18:00 Uhr, das <strong>Ende<\/strong> ist geplant mit dem Kaffee um 15:00 Uhr. Der konkrete Tagungsablauf \u00a0und die Anreiseinfos folgen in der zweiten Januarwoche. Hier geht&#8217;s zur <a href=\"http:\/\/www.nd-netz.de\/veranstaltungen\/anmeldungen.html\" target=\"_blank\">Online-Anmeldung<\/a><\/p>\n<p>Wir freuen uns auf Euch!<\/p>\n<p>Maria, Franz, Joe<\/p>\n","protected":false},"excerpt":{"rendered":"<p>F\u00fcr den 27. und 28. Januar laden wir Euch,\u00a0 Verantwortliche f\u00fcr j\u00fcngste &amp; j\u00fcngere Verbandsaktivit\u00e4ten und Interessierte, zum j\u00e4hrlichen Vernetzungs-, Koordinations- und Strategietreffens des Ak junge KMF nach K\u00f6ln ein. Auf Anhieb sind uns diese Fragen eingefallen. Wir freuen uns auf Eure Erg\u00e4nzungen. Folgende Themen schlagen wir vor:<\/p>\n","protected":false},"author":3,"featured_media":252,"comment_status":"open","ping_status":"closed","sticky":false,"template":"","format":"standard","meta":{"jetpack_post_was_ever_published":false,"_jetpack_newsletter_access":"","_jetpack_dont_email_post_to_subs":false,"_jetpack_newsletter_tier_id":0,"_jetpack_memberships_contains_paywalled_content":false,"_jetpack_memberships_contains_paid_content":false,"footnotes":"","jetpack_publicize_message":"","jetpack_publicize_feature_enabled":true,"jetpack_social_post_already_shared":false,"jetpack_social_options":{"image_generator_settings":{"template":"highway","default_image_id":0,"font":"","enabled":false},"version":2}},"categories":[11,14],"tags":[],"class_list":["post-251","post","type-post","status-publish","format-standard","has-post-thumbnail","hentry","category-ak-netz","category-arbeitskreise"],"jetpack_publicize_connections":[],"jetpack_featured_media_url":"https:\/\/i0.wp.com\/nd-blog.de\/wp-content\/uploads\/2016\/12\/kopf-regenbogen.jpg?fit=2438%2C1616&ssl=1","jetpack_sharing_enabled":true,"jetpack_shortlink":"https:\/\/wp.me\/p8Nw5X-43","jetpack-related-posts":[],"_links":{"self":[{"href":"https:\/\/nd-blog.de\/index.php?rest_route=\/wp\/v2\/posts\/251","targetHints":{"allow":["GET"]}}],"collection":[{"href":"https:\/\/nd-blog.de\/index.php?rest_route=\/wp\/v2\/posts"}],"about":[{"href":"https:\/\/nd-blog.de\/index.php?rest_route=\/wp\/v2\/types\/post"}],"author":[{"embeddable":true,"href":"https:\/\/nd-blog.de\/index.php?rest_route=\/wp\/v2\/users\/3"}],"replies":[{"embeddable":true,"href":"https:\/\/nd-blog.de\/index.php?rest_route=%2Fwp%2Fv2%2Fcomments&post=251"}],"version-history":[{"count":7,"href":"https:\/\/nd-blog.de\/index.php?rest_route=\/wp\/v2\/posts\/251\/revisions"}],"predecessor-version":[{"id":259,"href":"https:\/\/nd-blog.de\/index.php?rest_route=\/wp\/v2\/posts\/251\/revisions\/259"}],"wp:featuredmedia":[{"embeddable":true,"href":"https:\/\/nd-blog.de\/index.php?rest_route=\/wp\/v2\/media\/252"}],"wp:attachment":[{"href":"https:\/\/nd-blog.de\/index.php?rest_route=%2Fwp%2Fv2%2Fmedia&parent=251"}],"wp:term":[{"taxonomy":"category","embeddable":true,"href":"https:\/\/nd-blog.de\/index.php?rest_route=%2Fwp%2Fv2%2Fcategories&post=251"},{"taxonomy":"post_tag","embeddable":true,"href":"https:\/\/nd-blog.de\/index.php?rest_route=%2Fwp%2Fv2%2Ftags&post=251"}],"curies":[{"name":"wp","href":"https:\/\/api.w.org\/{rel}","templated":true}]}}