{"id":1803,"date":"2022-03-19T00:35:15","date_gmt":"2022-03-18T23:35:15","guid":{"rendered":"https:\/\/nd-blog.de\/?p=1803"},"modified":"2022-04-25T19:48:29","modified_gmt":"2022-04-25T17:48:29","slug":"drei-staedte-ringen-um-die-vorherrschaft-hier-ist-dein-rat-gefragt","status":"publish","type":"post","link":"https:\/\/nd-blog.de\/?p=1803","title":{"rendered":"Drei St\u00e4dte ringen um die Vorherrschaft &#8211; Hier ist Dein Rat gefragt"},"content":{"rendered":"\n<blockquote class=\"wp-block-quote is-layout-flow wp-block-quote-is-layout-flow\"><p>Bonn, Ludwigshafen, M\u00fcnster &#8211; Wo sollen wir uns zu den ND-Kongressen 2023 und 2024 treffen? <\/p><\/blockquote>\n\n\n\n<p>Zu den gro\u00dfen Mysterien im ND geh\u00f6rt die Frage, was gibt den Ausschlag, wenn es um den Kongress geht. Soviel ist in der Satzung verankert, der Rest ist freies Spiel der Kr\u00e4fte: \u201eDer ND-Rat legt Ort und Zeit des ND-Kongresses mindestens zwei Jahre im Voraus fest. Mindestens 18 Monate im Voraus bestimmt der ND-Rat ein Thema und w\u00e4hlt bis zu f\u00fcnf Mitglieder einer Programmkommission. Der Programmkommission geh\u00f6ren zudem ein Mitglied der ND-Leitung sowie der ND-Gesch\u00e4ftsstelle an.\u201c<\/p>\n\n\n\n<p>\u00dcberraschung!&nbsp; Ja, die Ratsmitglieder entscheiden tats\u00e4chlich \u00fcber den Ort des ND-Kongresses 2024. Vorher aber ist Nachsitzen angesagt, denn der Herbstrat 2021 konnte sich nicht f\u00fcr eine Kongressstadt entscheiden.<\/p>\n\n\n\n<!--more-->\n\n\n\n<p>Das als Favorit gehandelte Mainz und der \u00dcberraschungskandidat Speyer fielen als Kongressorte aus, weil in Rheinland-Pfalz in der Osterwoche keine Schulferien waren. Bonn war gleich mit den zwei Standorten Haus Venusberg und dem Collegium Josephinum im Rennen. Die KSJ-Pr\u00e4senz, der Sitz der Bischofskonferenz und anderer Organisationen, sprachen f\u00fcr die Bundesstadt, aber die Entfernungen zum Stadtzentrum und die fehlende Unterst\u00fctzung aus der Region lie\u00dfen den Rat zweifeln. Die Vertagung ist nat\u00fcrlich insofern heikel, weil damit sich der organisatorische Vorlauf speziell f\u00fcr die Gesch\u00e4ftsstelle krass zusammenk\u00fcrzt.<\/p>\n\n\n\n<p>Dabei waren die Ratsmitglieder durchaus entscheidungsfreudig und konnten zwischen gleich drei Themen ausw\u00e4hlen: <\/p>\n\n\n\n<ul class=\"wp-block-list\"><li>\u201eBiblische Offenbarung im 21. Jahrhundert\u201c oder <\/li><li>\u201eSch\u00f6pfung und Klima\u201c oder <\/li><li>\u201eBleiben oder gehen? In den Dimensionen Kirche, Politik, Gesellschaft\u201c. <\/li><\/ul>\n\n\n\n<p>Der letzte Vorschlag \u00fcberzeugt 37, zwei enthielten sich. Damit ist das Vorzeichen f\u00fcr 2023 gesetzt. Im Idealfall bilden Stadt und Thema eine Symbiose. \u00a0Augsburg mit dem Thema \u201eGeld.Macht.Kirche\u201c, daf\u00fcr steht der Fugger (Foto), aber auch Bertolt Brecht.<\/p>\n\n\n\n<p>Drei St\u00e4dte, vier Vorschl\u00e4ge: Auf den ersten Blick stehen die Ratsmitglieder vor einer schwierigen Abw\u00e4gung. Neben der Wiedervorlage Bonn bewerben sich Ludwigshafen und M\u00fcnster. Bei den letzten beiden St\u00e4dten dr\u00e4ngen sich Kooperationen mit den jeweiligen Akademien Ludwig-Pesch-Haus und Franz-Hitze-Haus auf. Beim Dresdener ND-Kongress profitierten wir sehr vom T\u00fcr\u00f6ffner Katholischen Akademie und dem umtriebigen Direktor.<\/p>\n\n\n\n<p>In den Vorlagen finden sich jeweils immer Pro und Contra-Argumente. Im Schnelldurchgang, ohne jetzt alle Aspekte bis zum letzten abzuw\u00e4gen und aufzuz\u00e4hlen:<\/p>\n\n\n\n<ul class=\"wp-block-list\"><li><strong>Haus Venusberg: <\/strong>ND-bekannt durch das Pfingsttreffen, \u201eAlles\u201c an einem Ort und Jugendg\u00e4stehaus direkt nebenan, aber nur 190 Pl\u00e4tze und f\u00fcr 2023 umfangreiche Stra\u00dfenbaustellen in Bonn geplant.<\/li><li><strong>Collegium Josephinum Bonn: <\/strong>&nbsp;Hohes Engagement: KSJ-Beteiligung im CoJoBo zugesagt, geeignete R\u00e4ume, aber neben den Stra\u00dfenbaustellen die 50 Minuten <strong>B<\/strong>usfahrt zur Jugendherberge<\/li><li><strong>Ludwigshafen: <\/strong>gr\u00f6\u00dfter Raum max. 380 Personen, aktive Regionalleitung, \u00d6PNV-Anbindung nach Speyer (45 Minuten) und zur Jugendherberge Mannheim (30 Minuten), aber geringe \u201eAnbindung\u201c des Kongressorts in der unmittelbaren Umgebung<\/li><li><strong>M\u00fcnster: <\/strong>Ebenfalls ND-Bekannt durch die Werkwoche, Aktive Gemeinden, KSJ-Sch\u00fclercaf\u00e9, gute ND-Kontakte, Innenstadt mit \u00d6PNV oder zu Fu\u00df erreichbar, aber der gr\u00f6\u00dfte Raum fasst nur 320 Teilnehmende, und die \u201eLage f\u00fcr die Anreise aus S\u00fcddeutschland\u201c.<\/li><\/ul>\n\n\n\n<p>Schwierig?&nbsp; Neben diesen mehr organisatorischen Betrachtungen stellt sich nat\u00fcrlich die Frage, wo l\u00e4sst sich das Thema am besten realisieren. Die Debatte wird h\u00f6chst interessant. Eine gewisse Erleichterung liegt in den Umstand, dass, wie oben gesagt, ein Doppelbeschluss f\u00fcr 2023 und 2024 getroffen werden soll.<\/p>\n\n\n\n<p>Also nicht wirklich schwierig. &nbsp;<\/p>\n\n\n\n<p>Erheblich kniffliger wird allerdings Entscheidung \u00fcber die Zeit. Der Herbstrat hatte als Zeitrahmen die Osterwoche definiert. Gleich zwei Gretchen-Fragen werden damit aufgeworfen: Erstens: Wie sch\u00e4tzen die Ratsmitglieder den Sonntag als Schlusstag des Kongresses ein. Und zweitens: Wieviel Tage &amp; N\u00e4chte soll der Kongress umfassen? F\u00fcnf (bisheriges Schema) oder Vier (wie jetzt in Augsburg). \u00a0Hier w\u00fcrde ich keine Wette wagen. Oder wie Bertolt Brecht formulierte: \u201eWer a sagt, der muss nicht b sagen. Er kann auch erkennen, dass a falsch war.\u201c<\/p>\n","protected":false},"excerpt":{"rendered":"<p>Bonn, Ludwigshafen, M\u00fcnster &#8211; Wo sollen wir uns zu den ND-Kongressen 2023 und 2024 treffen? Zu den gro\u00dfen Mysterien im ND geh\u00f6rt die Frage, was gibt den Ausschlag, wenn es um den Kongress geht. Soviel ist in der Satzung verankert, der Rest ist freies Spiel der Kr\u00e4fte: \u201eDer ND-Rat legt Ort und Zeit des ND-Kongresses &hellip; <a href=\"https:\/\/nd-blog.de\/?p=1803\" class=\"more-link\"><span class=\"screen-reader-text\">Drei St\u00e4dte ringen um die Vorherrschaft &#8211; Hier ist Dein Rat gefragt<\/span> weiterlesen<\/a><\/p>\n","protected":false},"author":3,"featured_media":1805,"comment_status":"open","ping_status":"closed","sticky":false,"template":"","format":"standard","meta":{"jetpack_post_was_ever_published":false,"_jetpack_newsletter_access":"","_jetpack_dont_email_post_to_subs":false,"_jetpack_newsletter_tier_id":0,"_jetpack_memberships_contains_paywalled_content":false,"_jetpack_memberships_contains_paid_content":false,"footnotes":"","jetpack_publicize_message":"","jetpack_publicize_feature_enabled":true,"jetpack_social_post_already_shared":true,"jetpack_social_options":{"image_generator_settings":{"template":"highway","default_image_id":0,"font":"","enabled":false},"version":2}},"categories":[27,8,19,17,6,5,13,4],"tags":[],"class_list":["post-1803","post","type-post","status-publish","format-standard","has-post-thumbnail","hentry","category-ndimaufbruch","category-kongress","category-ksj","category-nd-raete","category-nextday","category-pfingsttreffen","category-regionales","category-werkwochen"],"jetpack_publicize_connections":[],"jetpack_featured_media_url":"https:\/\/i0.wp.com\/nd-blog.de\/wp-content\/uploads\/2022\/03\/fugger_res.jpg?fit=900%2C600&ssl=1","jetpack_sharing_enabled":true,"jetpack_shortlink":"https:\/\/wp.me\/p8Nw5X-t5","jetpack-related-posts":[],"_links":{"self":[{"href":"https:\/\/nd-blog.de\/index.php?rest_route=\/wp\/v2\/posts\/1803","targetHints":{"allow":["GET"]}}],"collection":[{"href":"https:\/\/nd-blog.de\/index.php?rest_route=\/wp\/v2\/posts"}],"about":[{"href":"https:\/\/nd-blog.de\/index.php?rest_route=\/wp\/v2\/types\/post"}],"author":[{"embeddable":true,"href":"https:\/\/nd-blog.de\/index.php?rest_route=\/wp\/v2\/users\/3"}],"replies":[{"embeddable":true,"href":"https:\/\/nd-blog.de\/index.php?rest_route=%2Fwp%2Fv2%2Fcomments&post=1803"}],"version-history":[{"count":7,"href":"https:\/\/nd-blog.de\/index.php?rest_route=\/wp\/v2\/posts\/1803\/revisions"}],"predecessor-version":[{"id":1856,"href":"https:\/\/nd-blog.de\/index.php?rest_route=\/wp\/v2\/posts\/1803\/revisions\/1856"}],"wp:featuredmedia":[{"embeddable":true,"href":"https:\/\/nd-blog.de\/index.php?rest_route=\/wp\/v2\/media\/1805"}],"wp:attachment":[{"href":"https:\/\/nd-blog.de\/index.php?rest_route=%2Fwp%2Fv2%2Fmedia&parent=1803"}],"wp:term":[{"taxonomy":"category","embeddable":true,"href":"https:\/\/nd-blog.de\/index.php?rest_route=%2Fwp%2Fv2%2Fcategories&post=1803"},{"taxonomy":"post_tag","embeddable":true,"href":"https:\/\/nd-blog.de\/index.php?rest_route=%2Fwp%2Fv2%2Ftags&post=1803"}],"curies":[{"name":"wp","href":"https:\/\/api.w.org\/{rel}","templated":true}]}}