{"id":1733,"date":"2022-02-03T13:37:24","date_gmt":"2022-02-03T12:37:24","guid":{"rendered":"https:\/\/nd-blog.de\/?p=1733"},"modified":"2022-02-03T13:44:27","modified_gmt":"2022-02-03T12:44:27","slug":"der-synodale-weg-muss-die-wende-bringen-konkret-und-jetzt","status":"publish","type":"post","link":"https:\/\/nd-blog.de\/?p=1733","title":{"rendered":"&#8222;Der Synodale Weg muss die Wende bringen \u2013 konkret und jetzt!&#8220;"},"content":{"rendered":"\n<blockquote class=\"wp-block-quote is-layout-flow wp-block-quote-is-layout-flow\"><p>der Offene Brief katholischer Verb\u00e4nde und Reformgruppen an die Teilnehmenden der 3. Synodalversammlung vom 3. bis 5. Februar 2022 in Frankfurt im Wortlaut. Der ND ist Mitunterzeichner.<\/p><\/blockquote>\n\n\n\n<p>Mit gro\u00dfem pers\u00f6nlichem Einsatz und mit hoher moralischer, theologischer und pastoraler Verantwortung sind <strong>entscheidende Texte erarbeitet worden<\/strong>. Daf\u00fcr sprechen wir als Reformgruppen und Verb\u00e4nde unseren Dank aus. Jetzt erwarten wir von den Teilnehmenden der 3. Synodalversammlung, <strong>diese wegweisenden Vorlagen mit eindeutigen Mehrheiten zu beschlie\u00dfen<\/strong>, sodass sie auch vom Vatikan wahrgenommen und akzeptiert werden.<\/p>\n\n\n\n<!--more-->\n\n\n\n<p>Die 2. Vollversammlung stand unter dem Eindruck der \u00fcberraschenden Entscheidung des Vatikans bez\u00fcglich des K\u00f6lner Erzbistums und seiner Verantwortlichen; dennoch hat die 2. Vollversammlung gute Arbeit geleistet. <strong>Die 3. Vollversammlung findet w\u00e4hrend des kirchlichen Bebens statt<\/strong>, das die Kampagne #OutInChurch und vor allem die <strong>Ver\u00f6ffentlichung des zweiten M\u00fcnchner Missbrauchsgutachtens <\/strong>am 20. Januar 2022 ausgel\u00f6st haben. Mit seiner Stellungnahme zu diesem Gutachten, seiner Korrektur einer offensichtlichen Falschaussage und der Ablehnung pers\u00f6nlicher Verantwortung hat Joseph Ratzinger, M\u00fcnchner Erzbischof 1977 bis 1982, seinen Ruf als \u201eMitarbeiter der Wahrheit\u201c zerst\u00f6rt und dem Amt schweren Schaden zugef\u00fcgt.<\/p>\n\n\n\n<p>Durch die vielfachen und weltweiten Missbrauchsf\u00e4lle, ihre Vertuschung und die Missachtung des Leids der Betroffenen <strong>steht die institutionelle r\u00f6misch\u2010katholische Kirche vor einem moralischen Bankrott und Scherbenhaufen<\/strong>. Wenn die zu erwartende n\u00e4chste Austrittswelle noch aufgehalten werden soll, aber auch f\u00fcr die Katholik*innen, die bewusst in der Kirche bleiben wollen, darf der Synodale Weg nicht ins Leere laufen, wie etwa der \u201eDialog\u2010 bzw. Gespr\u00e4chsprozess\u201c 2011 bis 2015 und viele andere Reformprozesse. <strong>Sie als Synodale der 3. Vollversammlung sollten sich Ihrer gro\u00dfen Verantwortung, aber auch der gro\u00dfen Visionen bewusst werden<\/strong>, die es in dieser Situation braucht.<\/p>\n\n\n\n<p>Es ist h\u00f6chste Zeit f\u00fcr eine <strong>grundlegende Neuorientierung auf allen Ebenen<\/strong>, wie sie auch Papst Franziskus mit dem Pfingsten 2021 er\u00f6ffneten weltweiten Synodalen Prozess zum Ziel hat. Dabei ist immer wieder in Erinnerung zu rufen: <strong>Ausl\u00f6ser f\u00fcr den Synodalen Weg in Deutschland waren die systemischen Ursachen sexualisierter Gewalt,<\/strong> die die 2018 ver\u00f6ffentlichte MHG\u2010Studie benannt hat: Machtmissbrauch, Pflichtz\u00f6libat, \u00fcberkommene Sexualmoral und Missachtung der Frauen! Erst diese Faktoren beg\u00fcnstigten die sexualisierte und spirituelle Gewalt und deren Vertuschung. Nur wirklich \u00fcberzeugende Schritte zur Aufarbeitung dieser Verbrechen in unserer Kirche machen den Weg f\u00fcr eine neue \u201eEvangelisierung\u201c und eine strukturelle Reform m\u00f6glich. <\/p>\n\n\n\n<p><strong>In dieser dramatischen Situation kann und muss die 3. Vollversammlung des Synodalen Weges die Wende bringen, konkret und jetzt! <\/strong>Auch international sind die Hoffnungen und Erwartungen bez\u00fcglich des Synodalen Weges in Deutschland gro\u00df.<\/p>\n\n\n\n<ul class=\"wp-block-list\"><li>Wir appellieren an den <strong>Vatikan<\/strong>, endlich ein <strong>deutliches und eindeutiges Zeichen der W\u00fcrdigung des Synodalen Weges <\/strong>zu geben, der kein deutscher Sonderweg ist, sondern ein konstruktiver Dienst an der Weltkirche.<\/li><\/ul>\n\n\n\n<ul class=\"wp-block-list\"><li>Die<strong> Bisch\u00f6fe und Weihbisch\u00f6fe<\/strong> fordern wir auf, sich jetzt v<strong>erl\u00e4sslich zu den einzelnen Beschlussvorlagen zu positionieren<\/strong>. Solange es kirchenrechtlich keine Gewaltenteilung und keine wirksamen Kontrolle von Macht gibt, ist eine <strong>Selbstbindung der Bisch\u00f6fe erforderlich<\/strong>.<\/li><\/ul>\n\n\n\n<ul class=\"wp-block-list\"><li><strong>Kirchenrechtlich schon jetzt m\u00f6gliche Handlungsoptionen <\/strong>m\u00fcssen unverz\u00fcglich schon jetzt in den einzelnen Di\u00f6zesen angegangen und in \u201e<strong>Sofortprogrammen<\/strong>\u201c umgesetzt werden.<\/li><\/ul>\n\n\n\n<ul class=\"wp-block-list\"><li>Vor allem die <strong>Gemeinden<\/strong>, die derzeit auch wegen des Pflichtz\u00f6libats und des Ausschlusses der Frauen und anderer (FINT*)Personen von Weihe\u00e4mtern massiv am Ausbluten sind, <strong>warten dringend auf konkrete Reformen<\/strong>.<\/li><\/ul>\n\n\n\n<ul class=\"wp-block-list\"><li>Neben den <strong>theologisch fundierten Ausarbeitungen<\/strong> des Synodalen Weges f\u00fcr langfristige \u00c4nderungen, ist gleichzeitig eine <strong>breite Informationskampagne<\/strong> \u00fcber den Fortgang des Synodalen Weges f\u00fcr die Katholik*innen und Gemeinden in Deutschland erforderlich.<\/li><\/ul>\n\n\n\n<ul class=\"wp-block-list\"><li>\u00b7 Dringend notwendig sind <strong>internationale Vernetzung und fremdsprachige Informationen<\/strong> \u00fcber den Synodalen Weg in Deutschland, um den St\u00f6rman\u00f6vern aus dem Ausland entgegenzutreten.<\/li><\/ul>\n\n\n\n<ul class=\"wp-block-list\"><li>\u00b7 Bei allem muss vor allem und zu allererst auf die <strong>\u00dcberlebenden sexualisierter und geistlicher Gewalt <\/strong>geschaut werden. F\u00fcr sie sind das Bekennen pers\u00f6nlicher Schuld und die pers\u00f6nliche Verantwortungs\u00fcbernahme kirchlicher Amtstr\u00e4ger, selbst wenn diese nach dem Buchstaben des Kirchenrechts korrekt gehandelt haben sollten, von hoher Bedeutung.<\/li><\/ul>\n\n\n\n<ul class=\"wp-block-list\"><li>F\u00fcr immer mehr Katholik*innen in ganz Deutschland ist es nicht vorstellbar, dass <strong>Kardinal Woelki<\/strong> trotz seiner Verfehlungen seine Amtsgesch\u00e4fte am Aschermittwoch wieder aufnimmt. Hier sollte der Vatikan seine fragw\u00fcrdige Entscheidung vom Herbst 2021 revidieren.<\/li><\/ul>\n\n\n\n<ul class=\"wp-block-list\"><li>Uns allen aber muss klar werden: Langfristig und nachhaltig kommen wir nur voran, wenn unser Bem\u00fchen um Erneuerung v<strong>on umfassenderen christlichen, \u00f6kumenischen, vielleicht interreligi\u00f6sen Visionen<\/strong> getragen sind. Keine Kirche kann Selbstzweck sein.<\/li><\/ul>\n\n\n\n<p><strong>Seien Sie mutig, jetzt! Sorgen Sie daf\u00fcr, dass wenigstens die jetzt besprochenen Minimalziele erreicht werden. Das Kirchenvolk will endlich erste Reform\u2010Taten sehen, keine vertr\u00f6stenden Ank\u00fcndigungen mehr h\u00f6ren. Stellen Sie die Weichen f\u00fcr eine Kirche, die bei den Menschen ist \u2013 damit wir als Nachfolgegemeinschaft Jesu auch in Zukunft glaubw\u00fcrdig und freudig Zeugnis geben k\u00f6nnen von der vision\u00e4ren Kraft der christlichen Botschaft!<\/strong><\/p>\n\n\n\n<p><\/p>\n\n\n\n<p class=\"has-text-align-right\"><em>Die Synodalversammlung tagt gew\u00f6hnlich in Frankfurt. Die Illustration zeigt den Hauptbahnhof mit einer verbl\u00fcssenden \u00c4hnlichkeit zu einem Kirchenfenster in einer rheinischen Gro\u00dfstadt<\/em><\/p>\n","protected":false},"excerpt":{"rendered":"<p>der Offene Brief katholischer Verb\u00e4nde und Reformgruppen an die Teilnehmenden der 3. Synodalversammlung vom 3. bis 5. Februar 2022 in Frankfurt im Wortlaut. Der ND ist Mitunterzeichner. Mit gro\u00dfem pers\u00f6nlichem Einsatz und mit hoher moralischer, theologischer und pastoraler Verantwortung sind entscheidende Texte erarbeitet worden. Daf\u00fcr sprechen wir als Reformgruppen und Verb\u00e4nde unseren Dank aus. Jetzt &hellip; <a href=\"https:\/\/nd-blog.de\/?p=1733\" class=\"more-link\"><span class=\"screen-reader-text\">&#8222;Der Synodale Weg muss die Wende bringen \u2013 konkret und jetzt!&#8220;<\/span> weiterlesen<\/a><\/p>\n","protected":false},"author":3,"featured_media":1738,"comment_status":"open","ping_status":"closed","sticky":false,"template":"","format":"standard","meta":{"jetpack_post_was_ever_published":false,"_jetpack_newsletter_access":"","_jetpack_dont_email_post_to_subs":false,"_jetpack_newsletter_tier_id":0,"_jetpack_memberships_contains_paywalled_content":false,"_jetpack_memberships_contains_paid_content":false,"footnotes":"","jetpack_publicize_message":"","jetpack_publicize_feature_enabled":true,"jetpack_social_post_already_shared":true,"jetpack_social_options":{"image_generator_settings":{"template":"highway","default_image_id":0,"font":"","enabled":false},"version":2}},"categories":[28,29,27,18],"tags":[],"class_list":["post-1733","post","type-post","status-publish","format-standard","has-post-thumbnail","hentry","category-aufbruchsgedanken","category-maria-2-0","category-ndimaufbruch","category-zukunft-des-nd"],"jetpack_publicize_connections":[],"jetpack_featured_media_url":"https:\/\/i0.wp.com\/nd-blog.de\/wp-content\/uploads\/2022\/02\/frankfurt.jpg?fit=900%2C572&ssl=1","jetpack_sharing_enabled":true,"jetpack_shortlink":"https:\/\/wp.me\/p8Nw5X-rX","jetpack-related-posts":[],"_links":{"self":[{"href":"https:\/\/nd-blog.de\/index.php?rest_route=\/wp\/v2\/posts\/1733","targetHints":{"allow":["GET"]}}],"collection":[{"href":"https:\/\/nd-blog.de\/index.php?rest_route=\/wp\/v2\/posts"}],"about":[{"href":"https:\/\/nd-blog.de\/index.php?rest_route=\/wp\/v2\/types\/post"}],"author":[{"embeddable":true,"href":"https:\/\/nd-blog.de\/index.php?rest_route=\/wp\/v2\/users\/3"}],"replies":[{"embeddable":true,"href":"https:\/\/nd-blog.de\/index.php?rest_route=%2Fwp%2Fv2%2Fcomments&post=1733"}],"version-history":[{"count":8,"href":"https:\/\/nd-blog.de\/index.php?rest_route=\/wp\/v2\/posts\/1733\/revisions"}],"predecessor-version":[{"id":1742,"href":"https:\/\/nd-blog.de\/index.php?rest_route=\/wp\/v2\/posts\/1733\/revisions\/1742"}],"wp:featuredmedia":[{"embeddable":true,"href":"https:\/\/nd-blog.de\/index.php?rest_route=\/wp\/v2\/media\/1738"}],"wp:attachment":[{"href":"https:\/\/nd-blog.de\/index.php?rest_route=%2Fwp%2Fv2%2Fmedia&parent=1733"}],"wp:term":[{"taxonomy":"category","embeddable":true,"href":"https:\/\/nd-blog.de\/index.php?rest_route=%2Fwp%2Fv2%2Fcategories&post=1733"},{"taxonomy":"post_tag","embeddable":true,"href":"https:\/\/nd-blog.de\/index.php?rest_route=%2Fwp%2Fv2%2Ftags&post=1733"}],"curies":[{"name":"wp","href":"https:\/\/api.w.org\/{rel}","templated":true}]}}