{"id":1543,"date":"2021-03-26T10:09:15","date_gmt":"2021-03-26T09:09:15","guid":{"rendered":"http:\/\/nd-blog.de\/?p=1543"},"modified":"2021-03-26T10:10:08","modified_gmt":"2021-03-26T09:10:08","slug":"in-wessen-vollmacht","status":"publish","type":"post","link":"https:\/\/nd-blog.de\/?p=1543","title":{"rendered":"In wessen Vollmacht?"},"content":{"rendered":"\n<blockquote class=\"wp-block-quote is-layout-flow wp-block-quote-is-layout-flow\"><p>Ein Kommentar von Gerd Weckwerth <\/p><\/blockquote>\n\n\n\n<p>\u00a0\u201eIn der Kirche gibt es keine Macht, sondern nur Vollmacht\u201c Dieser Spruch des fr\u00fcheren K\u00f6lner Erzbischofs Meisner auf die Kritik, er h\u00e4tte sein Amt der Macht Roms zu verdanken, scheint sich jetzt nach mehr als 30 Jahren in besonders negativer Weise zu best\u00e4tigen. <\/p>\n\n\n\n<p>Die gro\u00dfe Zahl an Verfehlungen, die das von seinem Nachfolger Kardinal Woelki in Auftrag gegebene 2. Gutachten ihm und engsten Mitarbeitern vorwerfen, verdeutlicht ein gest\u00f6rtes Verh\u00e4ltnis zur irdischen Macht. Wie ein nachtr\u00e4gliches Motto seiner Amtszeit, h\u00f6rt sich jetzt dieser besonders f\u00fcr Au\u00dfenstehende arrogant klingende Verweis auf eine quasi vom Himmel fallende Vollmacht an.<\/p>\n\n\n\n<!--more-->\n\n\n\n<p>Wenn die Bibel von der Bewunderung der Menschen \u00fcber Jesus spricht, welche Vollmacht aus seinen Worten spreche, dann ist dort alles andere als eine Machtverletzung gemeint. Im Gegenteil, hat sich Jesus immer geweigert, irdische Machtverh\u00e4ltnisse anzutasten, sondern er wollte bestenfalls die Gesetze im Sinne des Menschen auslegen, weil diese f\u00fcr den Menschen da seien. Wenn jetzt als Hauptverfehlung, vor allem Meldepflichtverletzung von Missbrauchsf\u00e4llen festgestellt werden, dann wurden T\u00e4ter gesch\u00fctzt und nicht die Opfer, also gegen den Sinn der Gesetze gehandelt.<\/p>\n\n\n\n<p>In ein schlechtes Licht bringt die Aufdeckung solcher Verfehlungen auch das Gehorsamsgebot, das geistliche Mitarbeiter mit der Weihe gegen\u00fcber ihrem Bischof ablegen. Gerade wenn Gehorsam nicht auf ausdr\u00fcckliche Weisung, sondern um zu gefallen oder in vorauseilendem Gehorsam geschieht, kann sich leicht ein Ungeist des Dienstherrn unter seinen Mitarbeitern ausbreiten. Das gilt auch im Fall des K\u00f6lner Erzbischofs Meisner, der bereits in den Pastoralgespr\u00e4chen zu Beginn seiner Amtszeit feststellen musste, dass in fast allen wichtigen Erneuerungsfragen die Vertreter der Gl\u00e4ubigen seiner Di\u00f6zese mehrheitlich eine andere Meinung als er vertraten. Sein damaliges Res\u00fcmee \u201ewir m\u00fcssen beidseitig noch viel voneinander lernen\u201c, erwies sich dann eher als eine Einbahnstra\u00dfe.<\/p>\n\n\n\n<p>Dass die Gl\u00e4ubigen der Di\u00f6zese nicht mehr bereit sind, einen Erzbischof wie Kardinal Meisner hinzunehmen, zeigt sich jetzt bei seinem Nachfolger. Im Gegensatz zu Meisner hatte Kardinal Woelki als geb\u00fcrtiger K\u00f6lner mit einigen Aktionen, z.B. f\u00fcr Fl\u00fcchtlinge und Obdachlose zun\u00e4chst einen hoffnungsvolleren Start. Seinen ganzen Kredit verspielte er jedoch ab 2018 u.a. mit einem Minderheitenvotum gegen eine Handreichung der deutschen Bischofskonferenz zur Erm\u00f6glichung eines Kommunionempfangs konfessionsverschiedener Ehepaare, zahlreiche verst\u00f6rende Aussagen gegen den synodalen Weg und nicht zuletzt durch seinen Umgang mit den Missbrauchsf\u00e4llen in seiner Erzdi\u00f6zese.<br><br>Selbst wenn in den einzelnen F\u00e4llen Kardinal Woelki weniger anzulasten sein sollte, hat das ungl\u00fcckliche Verhalten in der Aufarbeitung der Missbrauchsskandals wesentlich zu einem Glaubw\u00fcrdigkeitsverlust der katholischen Kirche nicht nur in seiner Erzdi\u00f6zese mitbeigetragen. Wenn er auch nur ann\u00e4hernd etwas von dem pers\u00f6nlichen Vertrauensverlust wieder zur\u00fcckgewinnen m\u00f6chte, dann nur, wenn er im Gegensatz zu seinem Vorg\u00e4nger mehr auf die Gl\u00e4ubigen seiner Di\u00f6zese h\u00f6rt und in vielen Fragen des Reformstaus sich bewegt und nicht weiter den Bremser in der Bischofskonferenz spielt. So w\u00fcrde z.B. eine Stellungnahme gegen das vatikanische Verbot der Segnung homosexueller Partnerschaften \u00e4hnlich, wie sie andere Bisch\u00f6fe und gro\u00dfe Gruppen von katholischen Priestern in den letzten Tagen abgegeben haben, einem K\u00f6lner Erzbischof gut zu Gesicht stehen.&nbsp;<\/p>\n","protected":false},"excerpt":{"rendered":"<p>Ein Kommentar von Gerd Weckwerth \u00a0\u201eIn der Kirche gibt es keine Macht, sondern nur Vollmacht\u201c Dieser Spruch des fr\u00fcheren K\u00f6lner Erzbischofs Meisner auf die Kritik, er h\u00e4tte sein Amt der Macht Roms zu verdanken, scheint sich jetzt nach mehr als 30 Jahren in besonders negativer Weise zu best\u00e4tigen. Die gro\u00dfe Zahl an Verfehlungen, die das &hellip; <a href=\"https:\/\/nd-blog.de\/?p=1543\" class=\"more-link\"><span class=\"screen-reader-text\">In wessen Vollmacht?<\/span> weiterlesen<\/a><\/p>\n","protected":false},"author":3,"featured_media":1545,"comment_status":"open","ping_status":"closed","sticky":false,"template":"","format":"standard","meta":{"jetpack_post_was_ever_published":false,"_jetpack_newsletter_access":"","_jetpack_dont_email_post_to_subs":false,"_jetpack_newsletter_tier_id":0,"_jetpack_memberships_contains_paywalled_content":false,"_jetpack_memberships_contains_paid_content":false,"footnotes":"","jetpack_publicize_message":"","jetpack_publicize_feature_enabled":true,"jetpack_social_post_already_shared":true,"jetpack_social_options":{"image_generator_settings":{"template":"highway","default_image_id":0,"font":"","enabled":false},"version":2}},"categories":[22,14,17],"tags":[],"class_list":["post-1543","post","type-post","status-publish","format-standard","has-post-thumbnail","hentry","category-ak-erneuerung","category-arbeitskreise","category-nd-raete"],"jetpack_publicize_connections":[],"jetpack_featured_media_url":"https:\/\/i0.wp.com\/nd-blog.de\/wp-content\/uploads\/2021\/03\/koeln_schael-sick.jpg?fit=1280%2C853&ssl=1","jetpack_sharing_enabled":true,"jetpack_shortlink":"https:\/\/wp.me\/p8Nw5X-oT","jetpack-related-posts":[],"_links":{"self":[{"href":"https:\/\/nd-blog.de\/index.php?rest_route=\/wp\/v2\/posts\/1543","targetHints":{"allow":["GET"]}}],"collection":[{"href":"https:\/\/nd-blog.de\/index.php?rest_route=\/wp\/v2\/posts"}],"about":[{"href":"https:\/\/nd-blog.de\/index.php?rest_route=\/wp\/v2\/types\/post"}],"author":[{"embeddable":true,"href":"https:\/\/nd-blog.de\/index.php?rest_route=\/wp\/v2\/users\/3"}],"replies":[{"embeddable":true,"href":"https:\/\/nd-blog.de\/index.php?rest_route=%2Fwp%2Fv2%2Fcomments&post=1543"}],"version-history":[{"count":3,"href":"https:\/\/nd-blog.de\/index.php?rest_route=\/wp\/v2\/posts\/1543\/revisions"}],"predecessor-version":[{"id":1547,"href":"https:\/\/nd-blog.de\/index.php?rest_route=\/wp\/v2\/posts\/1543\/revisions\/1547"}],"wp:featuredmedia":[{"embeddable":true,"href":"https:\/\/nd-blog.de\/index.php?rest_route=\/wp\/v2\/media\/1545"}],"wp:attachment":[{"href":"https:\/\/nd-blog.de\/index.php?rest_route=%2Fwp%2Fv2%2Fmedia&parent=1543"}],"wp:term":[{"taxonomy":"category","embeddable":true,"href":"https:\/\/nd-blog.de\/index.php?rest_route=%2Fwp%2Fv2%2Fcategories&post=1543"},{"taxonomy":"post_tag","embeddable":true,"href":"https:\/\/nd-blog.de\/index.php?rest_route=%2Fwp%2Fv2%2Ftags&post=1543"}],"curies":[{"name":"wp","href":"https:\/\/api.w.org\/{rel}","templated":true}]}}