{"id":1460,"date":"2021-03-09T00:29:33","date_gmt":"2021-03-08T23:29:33","guid":{"rendered":"http:\/\/nd-blog.de\/?p=1460"},"modified":"2021-03-09T00:29:33","modified_gmt":"2021-03-08T23:29:33","slug":"fuenf-impulse-fuer-den-aufbruch-in-eine-soziale-urbanitaet-die-einladung-zu-breakout-sessions","status":"publish","type":"post","link":"https:\/\/nd-blog.de\/?p=1460","title":{"rendered":"F\u00fcnf Impulse f\u00fcr den Aufbruch in eine soziale Urbanit\u00e4t &#8211; Die Einladung zu Breakout-Sessions"},"content":{"rendered":"\n<p>M\u00fcnchen gibt durchaus auch als Hotspot, was den Wohnungsmarkt aber auch innovative Projekte angeht. Mit tatkr\u00e4ftiger Unterst\u00fctzung der Region M\u00fcnchen lokalisieren wir die Kongressdebatte in der Weltstadt mit Herz. An dieser Stelle pr\u00e4sentieren wir die f\u00fcnf Impulsgeber*innen. <\/p>\n\n\n\n<p>Ab 16:20 Uhr am 13. M\u00e4rz thematisieren sie Aufbr\u00fcche. Die Impulse vertiefen wir in Breakout-Sessions. <\/p>\n\n\n\n<!--more-->\n\n\n\n<blockquote class=\"wp-block-quote is-layout-flow wp-block-quote-is-layout-flow\"><p><strong>1. Impuls: EU-Wohnmodell-Projekt ASTUS <\/strong>&#8211; <strong>Intensivere Wohnraumnutzung &#8211; Chance auf mehr Lebensqualit\u00e4t?<\/strong><\/p><cite><strong>Dr. Stephan Schott<\/strong>, Planungsreferat Landeshauptstadt M\u00fcnchen<\/cite><\/blockquote>\n\n\n\n<p>Das Projekt zeigt L\u00f6sungsans\u00e4tze zu Wohnraumknappheit unter Einbeziehung von Randgebieten auf. Intensivere Wohnraumnutzung kann verschiedene Vorteile bringen &#8211; \u00f6konomisch, \u00f6kologisch,sozial. Mitwohnen, Wohnungstausch oder Umbau von H\u00e4usern, es gibt viele M\u00f6glichkeiten. Manchmal verbessert eine Beteiligung die individuelle Lebenssituation. <\/p>\n\n\n\n<p>Im EU-Projekt ASTUS wurden von&nbsp;&nbsp; Verhaltenspsychologen die Argumente f\u00fcr eine Beteiligung sowie die Hindernisse erforscht. Beispiele aus der Gemeinde Haar veranschaulichen das Modell des partizipativen Wohnungstausches.Diese Ergebnisse werden als Grundlage f\u00fcr eine sicher lebhafte Diskussion vorgestellt<\/p>\n\n\n\n<blockquote class=\"wp-block-quote is-layout-flow wp-block-quote-is-layout-flow\"><p><strong>2. Impuls: Wie k\u00f6nnen wir nachhaltig und sozial Wohnen?<\/strong><\/p><cite><strong>Katrin Richthofer, <\/strong>Gesch\u00e4ftsf\u00fchrerin AG-TK Immobilienconsult &amp; Projektentwicklung<\/cite><\/blockquote>\n\n\n\n<p>\u201eNachhaltigkeit\u201c &#8211; seit der \u201eFridays for Future\u201c Bewegung ein Begriff in aller Munde. Was hei\u00dft das nun f\u00fcr jede und jeden von uns konkret? F\u00fcr eine Themenwelt hat die AG-TK 12 Player zum Kaleidoskop nachhaltigen Bauens zusammengetragen: Von Holzh\u00e4usern, Abrissvermeidung, Photovoltaik, C2C, durchdachter Gesamtplanung von Gebieten, Energieeffizienz und ECHT smarter Haustechnik bis hin zu Innenarchitektur, Change Management und den sozialen Aspekt des Bauens. Denn Nachhaltigkeit sollte immer auch etwas mit Menschen und ihren Lebensbedingungen zu tun haben. <a href=\"https:\/\/csr-news.net\/news\/2018\/07\/11\/soziale-nachhaltigkeit-von-gebaeuden-wird-messbar\/\">https:\/\/csr-news.net\/news\/2018\/07\/11\/soziale-nachhaltigkeit-von-gebaeuden-wird-messbar\/<\/a><\/p>\n\n\n\n<blockquote class=\"wp-block-quote is-layout-flow wp-block-quote-is-layout-flow\"><p><strong>3. Impuls: Kirchenumwandlung &#8211; Zwischen lebendigen Kirchen, Brachen, Renditeobjekte und sozialer Verantwortung-<\/strong><\/p><cite>Dr. Marcus Heinrich, Mitglied des Kirchensteuer-, Wirtschafts- und Verm\u00f6gensrats des Erzbistums K\u00f6ln \/ Christian Taufenbach, <br>Dipl.-Ing. M. Eng. \/ <em>Architekt BDA<\/em><\/cite><\/blockquote>\n\n\n\n<p>Wem und was nutzen die kirchlichen Bauten in Zukunft? <\/p>\n\n\n\n<p>Nach dem Limburger Skandal ums Bischofshaus unterstellten viele deutsche Bist\u00fcmer auch kirchliche Stiftungen und uralte Verm\u00f6genswerte der Kontrolle durch gew\u00e4hlte Gremien. Und die Kirche hat gro\u00dfe Verm\u00f6gen nicht nur an Grund und Boden. Im Fokus stehen nicht zuletzt Umnutzungen nicht mehr ben\u00f6tigter Kirchen wie auch die verantwortete Nutzung von Wohnbau-Grundst\u00fccken. Grundeigentum verpflichtet, schrieb Hans-Jochen Vogel. <\/p>\n\n\n\n<p>Welche Strategie sollte die Kirche also angesichts eines klaren Auftrags, dr\u00e4ngender sozialer Aufgaben und rasant schwindender Mittel in den j\u00e4hrlichen Steuereinnahmen verfolgen: \u201eVerkauft euer Hab und Gut und verteilt es an die Armen\u201c? Oder doch ein \u201evermehrt die Talente, lasst sie nicht schlummern\u201c \u2013 um die Erl\u00f6se anschlie\u00dfend sinnstiftend einzusetzen? Wie kann das organisiert werden, welche Ziele sollten im Fokus stehen? An welchen guten Beispielen k\u00f6nnen wir uns dabei orientieren, welchen Beitrag kann Architektur leisten?<\/p>\n\n\n\n<blockquote class=\"wp-block-quote is-layout-flow wp-block-quote-is-layout-flow\"><p><strong>4. Impuls: Wohnsinn e.V. eine Plattform f\u00fcr inklusives Wohnen&nbsp;<\/strong><\/p><cite><strong>Kathrin Hettich,<\/strong> Wohnsinn e.V. <\/cite><\/blockquote>\n\n\n\n<p>Unsere Vision: Wir begreifen Wohnen als Menschenrecht. Das bedeutet f\u00fcr uns, dass alle Menschen die M\u00f6glichkeit haben sollten zu entscheiden, wo, wie und mit wem sie leben. Dieses Recht muss unabh\u00e4ngig von der finanziellen Lage, Behinderung, Lebensform oder sonstigen pers\u00f6nlichen Merkmalen g\u00fcltig sein.<\/p>\n\n\n\n<p>Unsere Mission: Wir wollen insbesondere die Wohnsituation von Menschen mit Behinderungen verbessern. Dieses Ziel verfolgt das B\u00fcndnis durch die Verbreitung von inklusiven Wohnformen. Inklusives Wohnen ist besonders und dennoch erleben wir tagt\u00e4glich den \u201eganz normalen Wahnsinn\u201c des Zusammenlebens. Gleichzeitig erm\u00f6glichen inklusive Wohngemeinschaften Menschen mit Unterst\u00fctzungsbedarf ein selbstbestimmtes Leben, fernab von station\u00e4ren Einrichtungen, unabh\u00e4ngig von ihren Eltern und in der Mitte unserer Gesellschaft. Ein Leben, wie es viele junge Leute f\u00fchren. Sie erf\u00fcllen so den \u201eganz normalen Wohnsinn\u201c.<\/p>\n\n\n\n<blockquote class=\"wp-block-quote is-layout-flow wp-block-quote-is-layout-flow\"><p><strong>5. Impuls: Wagnis &#8211; Genossenschaftswohnen in M\u00fcnchen<\/strong><\/p><cite><strong>Rut-Maria Gollan, <\/strong>Architektin und Mitglied des Vorstands<\/cite><\/blockquote>\n\n\n\n<p>Wagnis eG hei\u00dft intensiver partizipativer Prozesse, Selbstverwaltetes und -bewirtschaftetes Projekt und aktive Nachbarschaft leben. Zwischen Wohnen und Arbeiten, Kultur, Sozialem und Inklusion initiieren wir enge Verkn\u00fcpfungen. Dadurch entstehen lebendige Quartiere mit vielf\u00e4ltigen Nutzungsstrukturen, die wir im Bestand \u00fcber viele Generationen pflegen.<\/p>\n\n\n\n<p>Durch die architektonischen Konzepte werden wagnis-Projekte zu einem Zuhause, das Begegnung und lebendige Gemeinschaft unterst\u00fctzt. Gleicherma\u00dfen bleibt Raum f\u00fcr individuellen R\u00fcckzug. Wie sich unser partizipatives gemeinschaftliches Wohnen konkret gestaltet, welche R\u00e4ume wie hier zur Verf\u00fcgung haben, wie Bewohner:innencafe, Dachgartenlandschaft, Gemeinschaftsr\u00e4ume f\u00fcr Musik, Handwerk, Begegnung wir erm\u00f6glichen k\u00f6nnen, aber auch welche Vielfalt in der Bewohnerstruktur durch flexible und bezuschusste Wohnmodele m\u00f6glich ist, k\u00f6nnen Sie\/ k\u00f6nnt Ihr von Frau Gollan erfahren.<\/p>\n","protected":false},"excerpt":{"rendered":"<p>M\u00fcnchen gibt durchaus auch als Hotspot, was den Wohnungsmarkt aber auch innovative Projekte angeht. Mit tatkr\u00e4ftiger Unterst\u00fctzung der Region M\u00fcnchen lokalisieren wir die Kongressdebatte in der Weltstadt mit Herz. An dieser Stelle pr\u00e4sentieren wir die f\u00fcnf Impulsgeber*innen. Ab 16:20 Uhr am 13. M\u00e4rz thematisieren sie Aufbr\u00fcche. Die Impulse vertiefen wir in Breakout-Sessions.<\/p>\n","protected":false},"author":3,"featured_media":1032,"comment_status":"open","ping_status":"closed","sticky":false,"template":"","format":"standard","meta":{"jetpack_post_was_ever_published":false,"_jetpack_newsletter_access":"","_jetpack_dont_email_post_to_subs":false,"_jetpack_newsletter_tier_id":0,"_jetpack_memberships_contains_paywalled_content":false,"_jetpack_memberships_contains_paid_content":false,"footnotes":"","jetpack_publicize_message":"","jetpack_publicize_feature_enabled":true,"jetpack_social_post_already_shared":true,"jetpack_social_options":{"image_generator_settings":{"template":"highway","default_image_id":0,"font":"","enabled":false},"version":2}},"categories":[27,8],"tags":[],"class_list":["post-1460","post","type-post","status-publish","format-standard","has-post-thumbnail","hentry","category-ndimaufbruch","category-kongress"],"jetpack_publicize_connections":[],"jetpack_featured_media_url":"https:\/\/i0.wp.com\/nd-blog.de\/wp-content\/uploads\/2020\/02\/m%C3%BCnchen_liebfrauendom.jpg?fit=1920%2C1279&ssl=1","jetpack_sharing_enabled":true,"jetpack_shortlink":"https:\/\/wp.me\/p8Nw5X-ny","jetpack-related-posts":[],"_links":{"self":[{"href":"https:\/\/nd-blog.de\/index.php?rest_route=\/wp\/v2\/posts\/1460","targetHints":{"allow":["GET"]}}],"collection":[{"href":"https:\/\/nd-blog.de\/index.php?rest_route=\/wp\/v2\/posts"}],"about":[{"href":"https:\/\/nd-blog.de\/index.php?rest_route=\/wp\/v2\/types\/post"}],"author":[{"embeddable":true,"href":"https:\/\/nd-blog.de\/index.php?rest_route=\/wp\/v2\/users\/3"}],"replies":[{"embeddable":true,"href":"https:\/\/nd-blog.de\/index.php?rest_route=%2Fwp%2Fv2%2Fcomments&post=1460"}],"version-history":[{"count":6,"href":"https:\/\/nd-blog.de\/index.php?rest_route=\/wp\/v2\/posts\/1460\/revisions"}],"predecessor-version":[{"id":1467,"href":"https:\/\/nd-blog.de\/index.php?rest_route=\/wp\/v2\/posts\/1460\/revisions\/1467"}],"wp:featuredmedia":[{"embeddable":true,"href":"https:\/\/nd-blog.de\/index.php?rest_route=\/wp\/v2\/media\/1032"}],"wp:attachment":[{"href":"https:\/\/nd-blog.de\/index.php?rest_route=%2Fwp%2Fv2%2Fmedia&parent=1460"}],"wp:term":[{"taxonomy":"category","embeddable":true,"href":"https:\/\/nd-blog.de\/index.php?rest_route=%2Fwp%2Fv2%2Fcategories&post=1460"},{"taxonomy":"post_tag","embeddable":true,"href":"https:\/\/nd-blog.de\/index.php?rest_route=%2Fwp%2Fv2%2Ftags&post=1460"}],"curies":[{"name":"wp","href":"https:\/\/api.w.org\/{rel}","templated":true}]}}