{"id":1323,"date":"2021-02-06T18:00:35","date_gmt":"2021-02-06T17:00:35","guid":{"rendered":"http:\/\/nd-blog.de\/?p=1323"},"modified":"2021-02-06T18:05:50","modified_gmt":"2021-02-06T17:05:50","slug":"wie-der-aufbruchkongress-in-mainz-sich-digitalisierte-der-1-werkstattbericht","status":"publish","type":"post","link":"https:\/\/nd-blog.de\/?p=1323","title":{"rendered":"Wie der AufbruchsKongress in Mainz sich digitalisierte &#8211; Der 1. Werkstattbericht"},"content":{"rendered":"\n<p><strong><em>Der Kongress <\/em><\/strong>ist die zentrale Veranstaltung des ND, die sich immer in der Osterwoche in wechselnden St\u00e4dten trifft. Selten nutzen wir KSJ-Schulen als Treffpunkt und Plattform f\u00fcrs Programm. Ein erster Bericht aus der Werkstatt der Programmkommission in sieben Punkten. <\/p>\n\n\n\n<p><strong><em><strong>\u2022<\/strong><\/em><\/strong> <strong><em>2020 <\/em><\/strong>wollen wir, die Programm-Gestalter*innen, Euch in Mainz, pr\u00e4ziser im Willigis-Gymnasium, Heimat einer KSJ-Stadtgruppe, als Kongresszentrum, treffen. Unsere Devise:<strong> \u201eIm Aufbruch &#8230;\u201c<\/strong>. Bis wir am Freitag, dem dreizehnten M\u00e4rz 2020, wegen des Virus den Kongress in Mainz absagen mussten. Schweren Herzens vertagen mussten &#8211; dachten wir damals. Denkste.<\/p>\n\n\n\n<!--more-->\n\n\n\n<p><strong>\u2022 <em>2021 in der Osterwoche &#8211; <\/em><\/strong>denkste, denn in Rheinland-Pfalz ist da Schule. denkste, der Virus w\u00fctet weiter. Okay, also wir entschieden uns <strong>\u201eIm Aufbruch &#8230;\u201c <\/strong>zu <strong>#NDimAufbruch <\/strong>weiter zu entwickeln. Ein krasses Wagnis, schlie\u00dflich bilden Nerds im ND eine Minderheit.<\/p>\n\n\n\n<p><strong>\u2022 <em>Verl\u00e4ngerung &amp; Er\u00f6ffnung eines Experimentierraumes: <\/em><\/strong>Au\u00dferdem kam uns die Idee, das Kongressgeschehen \u00fcber die ganze Fastenzeit zu strecken. Und weil Fastenzeit vom Aschermittwoch bis Karfreitag sich nicht wirklich mit &#8218;Aufbruch&#8216; \u00fcberschreiben l\u00e4sst, enden wir am wei\u00dfen Samstag. <\/p>\n\n\n\n<h3 class=\"wp-block-heading\"><strong><span class=\"has-inline-color has-purple-color\">Die innere Logik<\/span><\/strong><\/h3>\n\n\n\n<p><strong><em>\u2022 <\/em><\/strong><strong><em>Dieser AufbruchsKongress kommt quasi dreifaltig daher: <\/em><\/strong>Aufbr\u00fcche in Kirche, Politik, Stadtgesellschaft, Medienlandschaft und &#8211; beim Lokaltag &#8211; im pers\u00f6nlichem Umfeld sind unsere gro\u00dfen Debattenthemen. Wir \u00f6ffnen sieben Verbandsk\u00e4sten. Vom Frauenkonklave bis zur &#8222;Bundesleitung im Gespr\u00e4ch&#8220; geht es dabei um aktuelle ND-Aktivit\u00e4ten. Schlie\u00dflich inspirieren Gottesdienste am Aschermittwoch und Ostermontag sowie w\u00f6chentliche Geistliche Impulse und samst\u00e4gliche Austauschtreffen die Kongressgemeinde mit einem liturgische Ausklang am Wei\u00dfen Samstag. <\/p>\n\n\n\n<p><em><strong>\u2022 Dieser AufbruchsKongress lebt aktiven Mitmachen<\/strong>: <\/em>Klinkt Euch in die AufbruchsDebatten aktiv ein, st\u00f6bert in den Verbandsk\u00e4sten und lasst sie GEistlichen Impulse bei Euch nachhallen. Wir in der ND-Blog-Redaktion ver\u00f6ffentlichen gern Eure AufburchsGedanken. Mailt Sie an <strong><a href=\"mailto:kongress@nd-netz.de\">kongress@nd-netz.de<\/a><\/strong> oder direkt an <strong><a rel=\"noreferrer noopener\" href=\"mailto:info@nd-blog.de\" target=\"_blank\">info@nd-blog.de<\/a><\/strong>. <\/p>\n\n\n\n<p><em><strong>\u2022 Dieser AufbruchsKongress will echt w\u00e4hlerisch sein<\/strong>: <\/em>Es gilt das 11. Gebot! \u201eDu sollst Dich nicht langweilen!\u201c Also misch mit, bei dem was dich interessiert. Wir hoffen ein breites Angebot an verschiedenen Inhalten und unterschiedlichen Formaten zusammengestellt zu haben, bei dem das Ausw\u00e4hlen Freude macht.<\/p>\n","protected":false},"excerpt":{"rendered":"<p>Der Kongress ist die zentrale Veranstaltung des ND, die sich immer in der Osterwoche in wechselnden St\u00e4dten trifft. Selten nutzen wir KSJ-Schulen als Treffpunkt und Plattform f\u00fcrs Programm. Ein erster Bericht aus der Werkstatt der Programmkommission in sieben Punkten. \u2022 2020 wollen wir, die Programm-Gestalter*innen, Euch in Mainz, pr\u00e4ziser im Willigis-Gymnasium, Heimat einer KSJ-Stadtgruppe, als &hellip; <a href=\"https:\/\/nd-blog.de\/?p=1323\" class=\"more-link\"><span class=\"screen-reader-text\">Wie der AufbruchsKongress in Mainz sich digitalisierte &#8211; Der 1. Werkstattbericht<\/span> weiterlesen<\/a><\/p>\n","protected":false},"author":3,"featured_media":1059,"comment_status":"open","ping_status":"closed","sticky":false,"template":"","format":"standard","meta":{"jetpack_post_was_ever_published":false,"_jetpack_newsletter_access":"","_jetpack_dont_email_post_to_subs":false,"_jetpack_newsletter_tier_id":0,"_jetpack_memberships_contains_paywalled_content":false,"_jetpack_memberships_contains_paid_content":false,"footnotes":"","jetpack_publicize_message":"","jetpack_publicize_feature_enabled":true,"jetpack_social_post_already_shared":true,"jetpack_social_options":{"image_generator_settings":{"template":"highway","default_image_id":0,"font":"","enabled":false},"version":2}},"categories":[27,24,8,19,23,18],"tags":[],"class_list":["post-1323","post","type-post","status-publish","format-standard","has-post-thumbnail","hentry","category-ndimaufbruch","category-gottesdienst-liturgie","category-kongress","category-ksj","category-leben-mit-corona","category-zukunft-des-nd"],"jetpack_publicize_connections":[],"jetpack_featured_media_url":"https:\/\/i0.wp.com\/nd-blog.de\/wp-content\/uploads\/2020\/04\/stephanus-mainzel-05.jpg?fit=2000%2C1500&ssl=1","jetpack_sharing_enabled":true,"jetpack_shortlink":"https:\/\/wp.me\/p8Nw5X-ll","jetpack-related-posts":[],"_links":{"self":[{"href":"https:\/\/nd-blog.de\/index.php?rest_route=\/wp\/v2\/posts\/1323","targetHints":{"allow":["GET"]}}],"collection":[{"href":"https:\/\/nd-blog.de\/index.php?rest_route=\/wp\/v2\/posts"}],"about":[{"href":"https:\/\/nd-blog.de\/index.php?rest_route=\/wp\/v2\/types\/post"}],"author":[{"embeddable":true,"href":"https:\/\/nd-blog.de\/index.php?rest_route=\/wp\/v2\/users\/3"}],"replies":[{"embeddable":true,"href":"https:\/\/nd-blog.de\/index.php?rest_route=%2Fwp%2Fv2%2Fcomments&post=1323"}],"version-history":[{"count":8,"href":"https:\/\/nd-blog.de\/index.php?rest_route=\/wp\/v2\/posts\/1323\/revisions"}],"predecessor-version":[{"id":1331,"href":"https:\/\/nd-blog.de\/index.php?rest_route=\/wp\/v2\/posts\/1323\/revisions\/1331"}],"wp:featuredmedia":[{"embeddable":true,"href":"https:\/\/nd-blog.de\/index.php?rest_route=\/wp\/v2\/media\/1059"}],"wp:attachment":[{"href":"https:\/\/nd-blog.de\/index.php?rest_route=%2Fwp%2Fv2%2Fmedia&parent=1323"}],"wp:term":[{"taxonomy":"category","embeddable":true,"href":"https:\/\/nd-blog.de\/index.php?rest_route=%2Fwp%2Fv2%2Fcategories&post=1323"},{"taxonomy":"post_tag","embeddable":true,"href":"https:\/\/nd-blog.de\/index.php?rest_route=%2Fwp%2Fv2%2Ftags&post=1323"}],"curies":[{"name":"wp","href":"https:\/\/api.w.org\/{rel}","templated":true}]}}