{"id":1274,"date":"2020-11-22T17:12:10","date_gmt":"2020-11-22T16:12:10","guid":{"rendered":"http:\/\/nd-blog.de\/?p=1274"},"modified":"2020-11-21T21:20:16","modified_gmt":"2020-11-21T20:20:16","slug":"1274","status":"publish","type":"post","link":"https:\/\/nd-blog.de\/?p=1274","title":{"rendered":"F\u00fcr eine vielf\u00e4ltige Kirche \u2013 Junge ND\u2019erInnen solidarisch mit der KHG K\u00f6ln"},"content":{"rendered":"\n<p>Gerade unter den j\u00fcngeren Bundesgeschwistern ist der \u00c4rger und das Unverst\u00e4ndnis \u00fcber die Zensur der KHG-Website und den arbeitsrechtlichen Druck auf die KHG-Mitarbeitenden gro\u00df. Auf Initiative von Tim Neumann und dem Ak Jugend erkl\u00e4ren \u2013 zum jetzigen Zeitpunkt \u2013 mehr als 70 Unterschreibende: \u00a0<\/p>\n\n\n\n<p><strong>\u201e<\/strong>Als ND\u2018erinnen und ND\u2018er unterst\u00fctzen wir das Positionspapier der KHG K\u00f6ln: Wir identifizieren uns mit der dargestellten Position und setzen uns f\u00fcr eine vielf\u00e4ltige Kirche ein. Au\u00dferdem stehen wir solidarisch an der Seite der KHG K\u00f6ln und positionieren uns gegen den arbeitsrechtlichen Druck auf das KHG-Team und die Zensur der KHG-Webseite.<\/p>\n\n\n\n<!--more-->\n\n\n\n<p class=\"has-medium-font-size\"><strong>Zum Hintergrund:<\/strong><\/p>\n\n\n\n<p>Im Konflikt um ein Positionspapier der KHG hat das Erzbistum K\u00f6ln die Teamleitung der KHG \u00fcbernommen und die Webseite der KHG zeitweise stillgelegt. <\/p>\n\n\n\n<p>im Mai 2019 hatte das Hauptamtlichenteam der KHG in dem Positionspapier \u201eWir wollen glaubw\u00fcrdig bleiben\u201c unter anderem gegen eine Unantastbarkeit amtskirchlicher Deutungshoheit, gegen eine Engf\u00fchrung kirchlicher Sexualmoral, gegen eine religi\u00f6se Aufladung von Macht und gegen eine mangelnde Wahrnehmung gesellschaftlicher Verantwortung positioniert. <\/p>\n\n\n\n<p>Ihre Intention: \u201eUm authentisch und transparent zu bleiben, haben wir uns daher entschieden, unsere Position \u00f6ffentlich klar darzustellen.\u201c Im folgenden findet Ihr den Text des Positionspapiers. <\/p>\n\n\n\n<blockquote class=\"wp-block-quote is-layout-flow wp-block-quote-is-layout-flow\"><p><strong>Wir wollen glaubw\u00fcrdig bleiben. <\/strong><\/p><cite>Das Positionspapier der KHG <\/cite><\/blockquote>\n\n\n\n<p class=\"has-medium-font-size\">Wir arbeiten t\u00e4glich mit jungen Menschen zusammen. Diese kommen aus den unterschiedlichsten Kontexten: unterschiedliche biografische Lebenswege, sexuelle Orientierungen, Bildungshintergr\u00fcnde und Glaubensrichtungen. Diese Vielfalt empfinden wir als bereichernd.<\/p>\n\n\n\n<p>In unserer Arbeit erleben wir, dass es bei vielen jungen Menschen nach wie vor das Bed\u00fcrfnis nach Spiritualit\u00e4t und Glauben, nach Gemeinschaft, nach einem vorurteilsfreien Beisammensein, nach Orientierungsangeboten und Lebenshilfe gibt. Diese Dinge werden jedoch immer weniger im Kontext der katholischen Kirche gesucht.<\/p>\n\n\n\n<p>Wir begegnen auch immer wieder Studierenden, die unser KHG-Zentrum noch nicht kennen. Sobald wir erz\u00e4hlen, dass dahinter eine Einrichtung der katholischen Kirche steht (Katholische Hochschulgemeinde), ist oft zu sehen, wie sich beim Gegen\u00fcber Skepsis bis hin zu aggressiver Ablehnung zeigen.<\/p>\n\n\n\n<p>Selbst diejenigen, die sich der Kirche noch zugeh\u00f6rig f\u00fchlen und am christlichen Glauben interessiert sind, haben zunehmend Schwierigkeiten, sich noch mit ihr zu identifizieren: Zu gro\u00df ist f\u00fcr viele der Abstand zwischen eigenen \u00dcberzeugungen und Lebensf\u00fchrungen zu den Lehren der katholischen Kirche, wenn es um Z\u00f6libat, die strukturelle Benachteiligung der Frau, die Ein-stellung zur Homosexualit\u00e4t und vieles mehr geht.<\/p>\n\n\n\n<p>Die Missbrauchsf\u00e4lle haben den Graben zwischen der Institution Kirche und den Menschen drastisch verbreitert und die Bereitschaft, sich mit ihr zuidentifizieren, nachhaltig ersch\u00fcttert. Als hauptamtliche MitarbeiterInnen der KHG kennen wir die inneren Konflikte, die viele versp\u00fcren, wenn es um die Frage geht, wie sich die katholische Kirche aufstellt. Auch f\u00fcr uns selbst werden diese Konflikte immer gr\u00f6\u00dfer.<\/p>\n\n\n\n<p>Das Bild der katholischen Kirche ist nach au\u00dfen hin \u00fcberwiegend durch Amtstr\u00e4ger bestimmt: von Vertretern auf weltkirchlicher Ebene (darunter Papst Franziskus oder Joseph Ratzinger), der Bischofskonferenz, dem Bistum oder Leitern kirchlicher Ausbildungsst\u00e4tten. Wir finden es unertr\u00e4glich wie r\u00fcckst\u00e4ndig und vermeidend sich bestimmte Angeh\u00f6rige dieser Personenkreise \u00f6ffentlich \u00e4u\u00dfern bzw. verhalten \u2013und dabei immer wieder Menschen verletzen.<\/p>\n\n\n\n<p>Um authentisch und transparent zu bleiben, haben wir uns daher entschieden, unsere Position \u00f6ffentlich klar darzustellen.<\/p>\n\n\n\n<p><strong>Gegen eine Unantastbarkeit amtskirchlicher Deutungshoheit<\/strong><\/p>\n\n\n\n<div class=\"wp-block-group\"><div class=\"wp-block-group__inner-container is-layout-flow wp-block-group-is-layout-flow\">\n<ul class=\"wp-block-list\"><li>f\u00fcr eine Sicherung der Wissenschafts- und Forschungsfreiheit der Theologie<\/li><li>f\u00fcr ein Annehmen unterschiedlicher Lebens- und Glaubenswege der Menschen<\/li><li>f\u00fcr eine partizipative Form des Kirchseins statt einer \u00dcberh\u00f6hung der priesterlichen Lebensform <\/li><li>f\u00fcr eine strukturelle Gleichstellung der Frauen durch Zulassung zu den \u00c4mtern <\/li><li>f\u00fcr eine Betonung christlicher Gemeinsamkeiten statt konfessioneller Trennung<\/li><\/ul>\n<\/div><\/div>\n\n\n\n<p><strong>Gegen eine Engf\u00fchrung kirchlicher Sexualmoral<\/strong><\/p>\n\n\n\n<div class=\"wp-block-group\"><div class=\"wp-block-group__inner-container is-layout-flow wp-block-group-is-layout-flow\">\n<ul class=\"wp-block-list\"><li>f\u00fcr die Anerkennung von Sexualit\u00e4t als wichtiger Faktor von Identit\u00e4t (auch f\u00fcr Priester)<\/li><li>f\u00fcr das Eingest\u00e4ndnis eines kausalen Zusammenhangs zwischen Z\u00f6libat und unterdr\u00fcckter Sexualit\u00e4t, die Missbrauch beg\u00fcnstigt<\/li><li>f\u00fcr ein Ende der Verurteilung von gelebter Sexualit\u00e4t durch z\u00f6libat\u00e4r lebende M\u00e4nner<\/li><li>f\u00fcr eine wertsch\u00e4tzende Haltung und Anerkennung gegen\u00fcber Beziehungen von homo-sexuellen und heterosexuellen Paaren<\/li><\/ul>\n<\/div><\/div>\n\n\n\n<p><strong>Gegen eine religi\u00f6se Aufladung von Macht<\/strong><\/p>\n\n\n\n<div class=\"wp-block-group\"><div class=\"wp-block-group__inner-container is-layout-flow wp-block-group-is-layout-flow\">\n<ul class=\"wp-block-list\"><li>f\u00fcr ein Bewusstmachen und Aufdecken von Machtmissbrauch, sexuellem Missbrauch und geistlichem Missbrauch unter dem Vorrang des Opferschutzes sowie transparenter Umgang mit Ma\u00dfnahmen der Aufkl\u00e4rung und Pr\u00e4vention<\/li><li>f\u00fcr einen konsequenten R\u00fccktritt von Verantwortlichen, die T\u00e4ter gedeckt und gesch\u00fctzt haben<\/li><li>f\u00fcr eine fristlose Entlassung erwiesener T\u00e4ter<\/li><\/ul>\n<\/div><\/div>\n\n\n\n<div class=\"wp-block-group is-layout-flow wp-block-group-is-layout-flow\"><div class=\"wp-block-group__inner-container\"><\/div><\/div>\n\n\n\n<p><strong>Gegen eine mangelnde Wahrnehmung gesellschaftlicher Verantwortung<\/strong><\/p>\n\n\n\n<div class=\"wp-block-group\"><div class=\"wp-block-group__inner-container is-layout-flow wp-block-group-is-layout-flow\">\n<div class=\"wp-block-group\"><div class=\"wp-block-group__inner-container is-layout-flow wp-block-group-is-layout-flow\">\n<ul class=\"wp-block-list\"><li>f\u00fcr den Einsatz zur Wahrung der Sch\u00f6pfung und des Friedens<\/li><li>f\u00fcr eine klare Positionierung gegen Rassismus, Sexismus und Populismus<\/li><li>f\u00fcr den Einsatz f\u00fcr die Armen und Benachteiligten<\/li><\/ul>\n<\/div><\/div>\n\n\n\n<p><\/p>\n<\/div><\/div>\n\n\n\n<p><\/p>\n","protected":false},"excerpt":{"rendered":"<p>Gerade unter den j\u00fcngeren Bundesgeschwistern ist der \u00c4rger und das Unverst\u00e4ndnis \u00fcber die Zensur der KHG-Website und den arbeitsrechtlichen Druck auf die KHG-Mitarbeitenden gro\u00df. Auf Initiative von Tim Neumann und dem Ak Jugend erkl\u00e4ren \u2013 zum jetzigen Zeitpunkt \u2013 mehr als 70 Unterschreibende: \u00a0 \u201eAls ND\u2018erinnen und ND\u2018er unterst\u00fctzen wir das Positionspapier der KHG K\u00f6ln: &hellip; <a href=\"https:\/\/nd-blog.de\/?p=1274\" class=\"more-link\"><span class=\"screen-reader-text\">F\u00fcr eine vielf\u00e4ltige Kirche \u2013 Junge ND\u2019erInnen solidarisch mit der KHG K\u00f6ln<\/span> weiterlesen<\/a><\/p>\n","protected":false},"author":3,"featured_media":1279,"comment_status":"open","ping_status":"closed","sticky":false,"template":"","format":"standard","meta":{"jetpack_post_was_ever_published":false,"_jetpack_newsletter_access":"","_jetpack_dont_email_post_to_subs":false,"_jetpack_newsletter_tier_id":0,"_jetpack_memberships_contains_paywalled_content":false,"_jetpack_memberships_contains_paid_content":false,"footnotes":"","jetpack_publicize_message":"","jetpack_publicize_feature_enabled":true,"jetpack_social_post_already_shared":true,"jetpack_social_options":{"image_generator_settings":{"template":"highway","default_image_id":0,"font":"","enabled":false},"version":2}},"categories":[26,14,18],"tags":[],"class_list":["post-1274","post","type-post","status-publish","format-standard","has-post-thumbnail","hentry","category-ak-jugend","category-arbeitskreise","category-zukunft-des-nd"],"jetpack_publicize_connections":[],"jetpack_featured_media_url":"https:\/\/i0.wp.com\/nd-blog.de\/wp-content\/uploads\/2020\/11\/koeln_schloss.jpg?fit=1920%2C1706&ssl=1","jetpack_sharing_enabled":true,"jetpack_shortlink":"https:\/\/wp.me\/s8Nw5X-1274","jetpack-related-posts":[],"_links":{"self":[{"href":"https:\/\/nd-blog.de\/index.php?rest_route=\/wp\/v2\/posts\/1274","targetHints":{"allow":["GET"]}}],"collection":[{"href":"https:\/\/nd-blog.de\/index.php?rest_route=\/wp\/v2\/posts"}],"about":[{"href":"https:\/\/nd-blog.de\/index.php?rest_route=\/wp\/v2\/types\/post"}],"author":[{"embeddable":true,"href":"https:\/\/nd-blog.de\/index.php?rest_route=\/wp\/v2\/users\/3"}],"replies":[{"embeddable":true,"href":"https:\/\/nd-blog.de\/index.php?rest_route=%2Fwp%2Fv2%2Fcomments&post=1274"}],"version-history":[{"count":6,"href":"https:\/\/nd-blog.de\/index.php?rest_route=\/wp\/v2\/posts\/1274\/revisions"}],"predecessor-version":[{"id":1282,"href":"https:\/\/nd-blog.de\/index.php?rest_route=\/wp\/v2\/posts\/1274\/revisions\/1282"}],"wp:featuredmedia":[{"embeddable":true,"href":"https:\/\/nd-blog.de\/index.php?rest_route=\/wp\/v2\/media\/1279"}],"wp:attachment":[{"href":"https:\/\/nd-blog.de\/index.php?rest_route=%2Fwp%2Fv2%2Fmedia&parent=1274"}],"wp:term":[{"taxonomy":"category","embeddable":true,"href":"https:\/\/nd-blog.de\/index.php?rest_route=%2Fwp%2Fv2%2Fcategories&post=1274"},{"taxonomy":"post_tag","embeddable":true,"href":"https:\/\/nd-blog.de\/index.php?rest_route=%2Fwp%2Fv2%2Ftags&post=1274"}],"curies":[{"name":"wp","href":"https:\/\/api.w.org\/{rel}","templated":true}]}}