{"id":1222,"date":"2020-05-20T16:50:21","date_gmt":"2020-05-20T14:50:21","guid":{"rendered":"http:\/\/nd-blog.de\/?p=1222"},"modified":"2020-05-23T16:58:11","modified_gmt":"2020-05-23T14:58:11","slug":"maskiert","status":"publish","type":"post","link":"https:\/\/nd-blog.de\/?p=1222","title":{"rendered":"Maskiert."},"content":{"rendered":"\n<p>In diesen &#8211; zugegeben \u2013 ziemlich verr\u00fcckten Zeiten beschleicht mich ein Ohrwurm aus der Jugendarbeit. \u201eSpielt nicht mehr die Rolle, die man euch verpasst \/ Schminkt nicht eure Masken, bis der Tod euch fasst \/ Springt ihm von der Schippe, macht euch unbekannt \/ Sucht das eigne Leben, nehmt euch in die Hand.&#8220;\u00a0Peter Janssens hatte Mitte der Siebziger Jahre den Text des evangelischen Pfarrers Friedrich Karl Barth und Peter Horst eing\u00e4ngig vertont.<\/p>\n\n\n\n<!--more-->\n\n\n\n<p>Und genau dieser freiheitliche Esprit sprach uns an, aus dem Einerlei auszubrechen, w\u00e4hlerisch zu sein.\u00a0 Das Wort \u201eMainstream\u201c war uns noch nicht ganz gel\u00e4ufig. Die Lektion jener Tage war auch, sich eben nicht hinter Masken und Rollen zu verstecken, zu verschanzen. <\/p>\n\n\n\n<p>\u201eLeben wird es geben\u201c war eine Hymne der kirchlichen Friedensbewegung. \u201eMensch du hast die Zukunft noch in Deiner Hand \/ Spiel nicht mit dem Feuer, bist genug gebrannt\u201c. Vielleicht ist es gerade die Wortspielerei mit Masken und dem soeben mal dem Tod von der Schippe springen, die die Erinnerung hochkommen l\u00e4sst. Jetzt, wo es angesichts des Covid-19-Virus dringend angeraten ist, Masken zu tragen.<\/p>\n\n\n\n<p>Letzten Samstag beobachtete ich vor dem Paderborner Rathaus, wie sich eine Gruppe von Menschen zusammenfand, die von diesen Gedanken \u201eSpiel nicht mehr die Rolle \u2026\u201c motiviert war. Wir lassen uns in unseren Grundrechten nicht einschr\u00e4nken, meinen die einen, die Exemplare des Grundgesetzes wild in der Gegend schwenkten. Erbitterte Impfgegner waren darunter. Handklatschend zogen sie im dichten Pulk durch den Schildern auf den Wochenmarkt, wo Schilder die Masken anmahnten. Weitgehend unmaskiert und ziemlich r\u00fccksichtslos, wie andere Passanten fanden.<\/p>\n\n\n\n<p>Auf dem Markt erl\u00e4uterte mir sp\u00e4ter eine \u2013 v\u00f6llig normal wirkende &#8211; Frau, Widerstand gegen das \u201eNotstand-Regime\u201c und die \u201eVirus-Diktatur\u201c sei jetzt notwendig und lobte ausf\u00fchrlich die gro\u00dfen Demonstrationen der \u201eCorona-Rebellen\u201c in Stuttgart. Witzigerweise erkl\u00e4rte sie ausf\u00fchrlich, wie man eine Spontan-Demo organisiert. Ihr Wissen verdankte sie einer einschl\u00e4gigen Whatsapp-Gruppe. Nein, sich maskieren das komme nicht in Frage.<\/p>\n\n\n\n<p>Es ist doch v\u00f6llig nachvollziehbar, dass die Pandemie viele Leuten verunsichert, sie in ihren Existenzen bedroht und um ihr Leben f\u00fcrchten l\u00e4sst, denken wir an die Leute der Gastronomie oder aus der Kunstszene. An diejenigen, die auf ungewisse Zeit nur Kurzarbeitergeld bekommen. Denken wir an die Einsamen und Risikopersonen oder an diejenigen, die tote Angeh\u00f6rige und Freunde betrauern.<\/p>\n\n\n\n<p>Es geht zu allererst um Solidarit\u00e4t. Bei aller individuellen Freiheitsliebe \u2013 ihnen sind wir es schuldig, eine Maske zu tragen.<\/p>\n","protected":false},"excerpt":{"rendered":"<p>In diesen &#8211; zugegeben \u2013 ziemlich verr\u00fcckten Zeiten beschleicht mich ein Ohrwurm aus der Jugendarbeit. \u201eSpielt nicht mehr die Rolle, die man euch verpasst \/ Schminkt nicht eure Masken, bis der Tod euch fasst \/ Springt ihm von der Schippe, macht euch unbekannt \/ Sucht das eigne Leben, nehmt euch in die Hand.&#8220;\u00a0Peter Janssens hatte &hellip; <a href=\"https:\/\/nd-blog.de\/?p=1222\" class=\"more-link\"><span class=\"screen-reader-text\">Maskiert.<\/span> weiterlesen<\/a><\/p>\n","protected":false},"author":3,"featured_media":1224,"comment_status":"open","ping_status":"closed","sticky":false,"template":"","format":"standard","meta":{"jetpack_post_was_ever_published":false,"_jetpack_newsletter_access":"","_jetpack_dont_email_post_to_subs":false,"_jetpack_newsletter_tier_id":0,"_jetpack_memberships_contains_paywalled_content":false,"_jetpack_memberships_contains_paid_content":false,"footnotes":"","jetpack_publicize_message":"","jetpack_publicize_feature_enabled":true,"jetpack_social_post_already_shared":true,"jetpack_social_options":{"image_generator_settings":{"template":"highway","default_image_id":0,"font":"","enabled":false},"version":2}},"categories":[23],"tags":[],"class_list":["post-1222","post","type-post","status-publish","format-standard","has-post-thumbnail","hentry","category-leben-mit-corona"],"jetpack_publicize_connections":[],"jetpack_featured_media_url":"https:\/\/i0.wp.com\/nd-blog.de\/wp-content\/uploads\/2020\/05\/maske.jpg?fit=1920%2C1280&ssl=1","jetpack_sharing_enabled":true,"jetpack_shortlink":"https:\/\/wp.me\/s8Nw5X-maskiert","jetpack-related-posts":[],"_links":{"self":[{"href":"https:\/\/nd-blog.de\/index.php?rest_route=\/wp\/v2\/posts\/1222","targetHints":{"allow":["GET"]}}],"collection":[{"href":"https:\/\/nd-blog.de\/index.php?rest_route=\/wp\/v2\/posts"}],"about":[{"href":"https:\/\/nd-blog.de\/index.php?rest_route=\/wp\/v2\/types\/post"}],"author":[{"embeddable":true,"href":"https:\/\/nd-blog.de\/index.php?rest_route=\/wp\/v2\/users\/3"}],"replies":[{"embeddable":true,"href":"https:\/\/nd-blog.de\/index.php?rest_route=%2Fwp%2Fv2%2Fcomments&post=1222"}],"version-history":[{"count":3,"href":"https:\/\/nd-blog.de\/index.php?rest_route=\/wp\/v2\/posts\/1222\/revisions"}],"predecessor-version":[{"id":1226,"href":"https:\/\/nd-blog.de\/index.php?rest_route=\/wp\/v2\/posts\/1222\/revisions\/1226"}],"wp:featuredmedia":[{"embeddable":true,"href":"https:\/\/nd-blog.de\/index.php?rest_route=\/wp\/v2\/media\/1224"}],"wp:attachment":[{"href":"https:\/\/nd-blog.de\/index.php?rest_route=%2Fwp%2Fv2%2Fmedia&parent=1222"}],"wp:term":[{"taxonomy":"category","embeddable":true,"href":"https:\/\/nd-blog.de\/index.php?rest_route=%2Fwp%2Fv2%2Fcategories&post=1222"},{"taxonomy":"post_tag","embeddable":true,"href":"https:\/\/nd-blog.de\/index.php?rest_route=%2Fwp%2Fv2%2Ftags&post=1222"}],"curies":[{"name":"wp","href":"https:\/\/api.w.org\/{rel}","templated":true}]}}