{"id":1213,"date":"2020-05-08T07:47:14","date_gmt":"2020-05-08T05:47:14","guid":{"rendered":"http:\/\/nd-blog.de\/?p=1213"},"modified":"2020-05-08T14:56:32","modified_gmt":"2020-05-08T12:56:32","slug":"8-mai-ist-massstab-nicht-alternative-ein-kommentar","status":"publish","type":"post","link":"https:\/\/nd-blog.de\/?p=1213","title":{"rendered":"8. Mai ist Ma\u00dfstab, nicht Alternative &#8211; Ein Kommentar"},"content":{"rendered":"\n<p>Manchmal wache ich nachts auf, die Gedankenm\u00fchle f\u00e4ngt an zu mahlen, w\u00e4hrend im Morgengrauen die V\u00f6gel zu zwitschern beginnen. Was bedeuten schon f\u00fcnfundsiebzig Jahre, heute am Tag der \u2026 <\/p>\n\n\n\n<p>Ja, wie bezeichne ich dieses Jubil\u00e4um \u00fcberhaupt? Tag der Kapitulation? Tag der Befreiung? Tag des Verlustes?&nbsp; F\u00fcnfundsiebzig Jahre: F\u00fcr mich pers\u00f6nlich sind das etwas mehr als zwei Drittel meiner Lebenszeit. Ich blicke \u00fcber meinen Lebenstellerrand.<\/p>\n\n\n\n<!--more-->\n\n\n\n<p>Und erinnere mich ziemlich genau an den h\u00f6lzern-schwarzen Bundestag und die Rede des monarchischen Richard von Weizs\u00e4cker, der ist das Befreiungsmoment von der Nazibarbarei ins aufgekl\u00e4rt-republikanische Geschichtsbewusstsein r\u00fcckte. Das sagte mir zu. Damals bl\u00fchten lokale Geschichtswerkst\u00e4tten auf. Ein Referendar begeisterte uns im Oberstufenkurs mit den ungef\u00e4hr gleichaltrigen Edelwei\u00dfpiraten in K\u00f6lner Arbeiterviertel Ehrenfeld. Mit der Melange aus Jugendbewegung, Widerspruchsgeist, R\u00e4uber und Gendarm (klar viel \u00fcbler: Gestapo) und kommunistischen Umtrieben. \u201aBefreiung\u2018 ganz klar.<\/p>\n\n\n\n<p>Neben Fallstricken traten Verstrickungen ebenfalls zu Tage. Um im Bild zu bleiben: Ernst Heinrich Freiherr von Weizs\u00e4cker, Spitzendiplomat im nationalsozialistischen Ausw\u00e4rtigen Amt, die Geburt des kleinen Richards im W\u00fcrttemberger Neuen Schloss, \u00fcber dem die rote Fahne wehte. Alles dr\u00e4ngte darauf hin, sich seiner Vorgeschichte erinnerlich zu sein, aber w\u00e4hlerisch zu sein, was die bewusste Haltung und das pers\u00f6nliche Handeln angeht. Unglaublich eindr\u00fccklich dabei: die Erz\u00e4hlungen von \u2013 meist j\u00fcdischen \u2013 \u00dcberlebenden des Holocaust. <\/p>\n\n\n\n<p>Der in Reims und Berlin-Karlshorst unterzeichnete Waffenstillstand vom 8. und 9. Mai er\u00f6ffnete eine europ\u00e4ische Chance. Das d\u00e4mmerte uns auch und immunisierte uns weitgehend gegen gro\u00dfdeutsche Phantastereien. Damals im geteilten Europa, noch meilenweit entfernt von der friedlichen Revolution.<\/p>\n\n\n\n<p>Gestern nun ditschte im Vor\u00fcbergehen der Geschichtstag gleich zweimal auf. In einer Presseerkl\u00e4rung des Di\u00f6zesankomitees der Katholiken im Erzbistum hie\u00df es, mit dem 8. Mai war \u201eeine Zeit des unaussprechlichen Leides und des millionenfachen Mordes\u201c beendet. In unserer Gesellschaft gebe es aber weiter menschenverachtende, rassistische und antisemitische Ideologie. \u201eDas k\u00f6nnen wir nicht akzeptieren.\u201c<\/p>\n\n\n\n<p>Dann ein Artikel in der SZ \u00fcber den Herren mit der Dackel-Krawatte, der bewusst vom \u201eTag der absoluten Niederlage\u201c und im gleichen Atemzug vom \u201eTag des Verlustes\u201c sprach. Von Gro\u00dfdeutschland und von dubiosen \u201eGestaltungsm\u00f6glichkeiten\u201c. Erwarten wir ernsthaft etwas anderes von einem Vertreter der Vogelschi\u00df-Partei und seinen Claqueuren?<\/p>\n\n\n\n<p>Es geht um die Deutungshoheit der Tageslosung. Energischer Widerspruch und Zivilcourage gegen die AfD\u2019ler, heutige Hitlergr\u00fc\u00dfler und ihre Hintersassen ist angesagt. Danke den Befreier*innen aus dem Westen und Osten. Und wesentlicher noch: Die Erinnerung an die damaligen Opfer und T\u00e4ter fordert uns auf, heute Haltung zu zeigen und gegen Unmenschlichkeit aufzustehen. Sie ist Ma\u00dfstab, nicht Alternative. <\/p>\n\n\n\n<p>Hey, nicht wieder einschlafen. Aufstehen.<\/p>\n","protected":false},"excerpt":{"rendered":"<p>Manchmal wache ich nachts auf, die Gedankenm\u00fchle f\u00e4ngt an zu mahlen, w\u00e4hrend im Morgengrauen die V\u00f6gel zu zwitschern beginnen. Was bedeuten schon f\u00fcnfundsiebzig Jahre, heute am Tag der \u2026 Ja, wie bezeichne ich dieses Jubil\u00e4um \u00fcberhaupt? Tag der Kapitulation? Tag der Befreiung? Tag des Verlustes?&nbsp; F\u00fcnfundsiebzig Jahre: F\u00fcr mich pers\u00f6nlich sind das etwas mehr als &hellip; <a href=\"https:\/\/nd-blog.de\/?p=1213\" class=\"more-link\"><span class=\"screen-reader-text\">8. Mai ist Ma\u00dfstab, nicht Alternative &#8211; Ein Kommentar<\/span> weiterlesen<\/a><\/p>\n","protected":false},"author":3,"featured_media":1216,"comment_status":"open","ping_status":"closed","sticky":false,"template":"","format":"standard","meta":{"jetpack_post_was_ever_published":false,"_jetpack_newsletter_access":"","_jetpack_dont_email_post_to_subs":false,"_jetpack_newsletter_tier_id":0,"_jetpack_memberships_contains_paywalled_content":false,"_jetpack_memberships_contains_paid_content":false,"footnotes":"","jetpack_publicize_message":"","jetpack_publicize_feature_enabled":true,"jetpack_social_post_already_shared":true,"jetpack_social_options":{"image_generator_settings":{"template":"highway","default_image_id":0,"font":"","enabled":false},"version":2}},"categories":[20,21],"tags":[],"class_list":["post-1213","post","type-post","status-publish","format-standard","has-post-thumbnail","hentry","category-ak-gerechtigkeit-globalisierung","category-jubilaeum"],"jetpack_publicize_connections":[],"jetpack_featured_media_url":"https:\/\/i0.wp.com\/nd-blog.de\/wp-content\/uploads\/2020\/05\/typo-zett.jpg?fit=1920%2C1280&ssl=1","jetpack_sharing_enabled":true,"jetpack_shortlink":"https:\/\/wp.me\/p8Nw5X-jz","jetpack-related-posts":[],"_links":{"self":[{"href":"https:\/\/nd-blog.de\/index.php?rest_route=\/wp\/v2\/posts\/1213","targetHints":{"allow":["GET"]}}],"collection":[{"href":"https:\/\/nd-blog.de\/index.php?rest_route=\/wp\/v2\/posts"}],"about":[{"href":"https:\/\/nd-blog.de\/index.php?rest_route=\/wp\/v2\/types\/post"}],"author":[{"embeddable":true,"href":"https:\/\/nd-blog.de\/index.php?rest_route=\/wp\/v2\/users\/3"}],"replies":[{"embeddable":true,"href":"https:\/\/nd-blog.de\/index.php?rest_route=%2Fwp%2Fv2%2Fcomments&post=1213"}],"version-history":[{"count":6,"href":"https:\/\/nd-blog.de\/index.php?rest_route=\/wp\/v2\/posts\/1213\/revisions"}],"predecessor-version":[{"id":1220,"href":"https:\/\/nd-blog.de\/index.php?rest_route=\/wp\/v2\/posts\/1213\/revisions\/1220"}],"wp:featuredmedia":[{"embeddable":true,"href":"https:\/\/nd-blog.de\/index.php?rest_route=\/wp\/v2\/media\/1216"}],"wp:attachment":[{"href":"https:\/\/nd-blog.de\/index.php?rest_route=%2Fwp%2Fv2%2Fmedia&parent=1213"}],"wp:term":[{"taxonomy":"category","embeddable":true,"href":"https:\/\/nd-blog.de\/index.php?rest_route=%2Fwp%2Fv2%2Fcategories&post=1213"},{"taxonomy":"post_tag","embeddable":true,"href":"https:\/\/nd-blog.de\/index.php?rest_route=%2Fwp%2Fv2%2Ftags&post=1213"}],"curies":[{"name":"wp","href":"https:\/\/api.w.org\/{rel}","templated":true}]}}