{"id":1185,"date":"2020-04-16T18:40:00","date_gmt":"2020-04-16T16:40:00","guid":{"rendered":"http:\/\/nd-blog.de\/?p=1185"},"modified":"2020-04-16T19:06:10","modified_gmt":"2020-04-16T17:06:10","slug":"interaktiver-nd-gottesdienst-ein-erstes-resuemee","status":"publish","type":"post","link":"https:\/\/nd-blog.de\/?p=1185","title":{"rendered":"Interaktiver ND-Gottesdienst \u2013 ein erstes Res\u00fcmee"},"content":{"rendered":"\n<p>Zum ersten interaktiven Emmaus-Gottesdienst des ND am Ostermontag waren 260 Endger\u00e4te eingelogt. Demnach haben rund 500 Menschen, vielleicht auch mehr, gemeinsam mit uns gefeiert. Das\u00a0ist eine tolle Zahl, weil sie zeigt, dass auch der ND mit Ver\u00e4nderungen und Schwierigkeiten umzugehen wei\u00df. \u00dcbrigens waren auch eine ganze Reihe Nicht-ND\u2018er dabei, davon denen sich einige \u00fcberrascht und positiv bei uns gemeldet haben.<\/p>\n\n\n\n<!--more-->\n\n\n\n<p>Wie der Feed (die Nachrichtenleiste im Gottesdienstverlauf) zeigte, haben inzwischen viele Gruppen und Mitglieder Erfahrungen mit digitalen Gottesdienstformaten gemacht. Allerorten wird ausprobiert und getan, weil es m\u00f6glich ist und gebraucht wird. Sch\u00f6n w\u00e4re es nun, einen Weg zu finden, diese Erfahrungen zu sammeln und anderen zug\u00e4nglich zu machen. Denn ich bin sicher, dass es noch viele andere Formen f\u00fcr den Friedensgru\u00df, den Segen, das Predigtgespr\u00e4ch oder die F\u00fcrbitten gibt, die auch andere gern umsetzen w\u00fcrden. Es w\u00e4re klasse, wenn das Medienboard dazu einen Vorschlag entwickeln k\u00f6nnte.<\/p>\n\n\n\n<h4 class=\"wp-block-heading\">Wartet nicht, werdet selbst aktiv<\/h4>\n\n\n\n<p>Vielleicht f\u00fchlt sich manche(r) angespornt, selbst einmal etwas \u00c4hnliches anzubieten &#8211; auf sublan.tv oder andernorts. Es muss ja nicht jede(r) vor die Kamera. Die meiste Arbeit steckt ohnehin in der Vorbereitung. Wartet nicht darauf, gefragt zu werden, sondern sucht euch Mitstreiter(innen) und werdet selbst aktiv. Bindet viele ein &#8211; auch die nicht so digitalaffinen &#8211; dann bleibt der Aufwand \u00fcberschaubar und wird es ein gutes Angebot f\u00fcr alle. Vor allem: Lasst den ND wissen, wann ihr online geht. ND aktuell ist ein gutes Medium daf\u00fcr.&nbsp;&nbsp;<\/p>\n\n\n\n<p>Und schlie\u00dflich:&nbsp;Weil wir die vielen R\u00fcckmeldungen zum Gottesdienst unm\u00f6glich alle pers\u00f6nlich beantworten k\u00f6nnen, m\u00f6chten wir uns wenigstens auf diesem Weg daf\u00fcr bedanken. Es ist ermutigend, wie gut das Format angenommen und wie freundlich \u00fcber die vielen Anf\u00e4ngerfehler hinweggesehen wurde. Vielen Dank!<\/p>\n\n\n\n<p class=\"has-text-align-right\"><strong><em>Reinhild Singer, Telgte<\/em><\/strong><strong><em><\/em><\/strong><\/p>\n","protected":false},"excerpt":{"rendered":"<p>Zum ersten interaktiven Emmaus-Gottesdienst des ND am Ostermontag waren 260 Endger\u00e4te eingelogt. Demnach haben rund 500 Menschen, vielleicht auch mehr, gemeinsam mit uns gefeiert. Das\u00a0ist eine tolle Zahl, weil sie zeigt, dass auch der ND mit Ver\u00e4nderungen und Schwierigkeiten umzugehen wei\u00df. \u00dcbrigens waren auch eine ganze Reihe Nicht-ND\u2018er dabei, davon denen sich einige \u00fcberrascht und &hellip; <a href=\"https:\/\/nd-blog.de\/?p=1185\" class=\"more-link\"><span class=\"screen-reader-text\">Interaktiver ND-Gottesdienst \u2013 ein erstes Res\u00fcmee<\/span> weiterlesen<\/a><\/p>\n","protected":false},"author":17,"featured_media":1188,"comment_status":"open","ping_status":"closed","sticky":false,"template":"","format":"standard","meta":{"jetpack_post_was_ever_published":false,"_jetpack_newsletter_access":"","_jetpack_dont_email_post_to_subs":false,"_jetpack_newsletter_tier_id":0,"_jetpack_memberships_contains_paywalled_content":false,"_jetpack_memberships_contains_paid_content":false,"footnotes":"","jetpack_publicize_message":"","jetpack_publicize_feature_enabled":true,"jetpack_social_post_already_shared":true,"jetpack_social_options":{"image_generator_settings":{"template":"highway","default_image_id":0,"font":"","enabled":false},"version":2}},"categories":[24,8,23,16],"tags":[],"class_list":["post-1185","post","type-post","status-publish","format-standard","has-post-thumbnail","hentry","category-gottesdienst-liturgie","category-kongress","category-leben-mit-corona","category-nd-entwicklungsprozess"],"jetpack_publicize_connections":[],"jetpack_featured_media_url":"https:\/\/i0.wp.com\/nd-blog.de\/wp-content\/uploads\/2020\/04\/g6.jpg?fit=1920%2C1080&ssl=1","jetpack_sharing_enabled":true,"jetpack_shortlink":"https:\/\/wp.me\/p8Nw5X-j7","jetpack-related-posts":[],"_links":{"self":[{"href":"https:\/\/nd-blog.de\/index.php?rest_route=\/wp\/v2\/posts\/1185","targetHints":{"allow":["GET"]}}],"collection":[{"href":"https:\/\/nd-blog.de\/index.php?rest_route=\/wp\/v2\/posts"}],"about":[{"href":"https:\/\/nd-blog.de\/index.php?rest_route=\/wp\/v2\/types\/post"}],"author":[{"embeddable":true,"href":"https:\/\/nd-blog.de\/index.php?rest_route=\/wp\/v2\/users\/17"}],"replies":[{"embeddable":true,"href":"https:\/\/nd-blog.de\/index.php?rest_route=%2Fwp%2Fv2%2Fcomments&post=1185"}],"version-history":[{"count":2,"href":"https:\/\/nd-blog.de\/index.php?rest_route=\/wp\/v2\/posts\/1185\/revisions"}],"predecessor-version":[{"id":1187,"href":"https:\/\/nd-blog.de\/index.php?rest_route=\/wp\/v2\/posts\/1185\/revisions\/1187"}],"wp:featuredmedia":[{"embeddable":true,"href":"https:\/\/nd-blog.de\/index.php?rest_route=\/wp\/v2\/media\/1188"}],"wp:attachment":[{"href":"https:\/\/nd-blog.de\/index.php?rest_route=%2Fwp%2Fv2%2Fmedia&parent=1185"}],"wp:term":[{"taxonomy":"category","embeddable":true,"href":"https:\/\/nd-blog.de\/index.php?rest_route=%2Fwp%2Fv2%2Fcategories&post=1185"},{"taxonomy":"post_tag","embeddable":true,"href":"https:\/\/nd-blog.de\/index.php?rest_route=%2Fwp%2Fv2%2Ftags&post=1185"}],"curies":[{"name":"wp","href":"https:\/\/api.w.org\/{rel}","templated":true}]}}