{"id":1038,"date":"2020-03-25T22:36:00","date_gmt":"2020-03-25T21:36:00","guid":{"rendered":"http:\/\/nd-blog.de\/?p=1038"},"modified":"2020-04-09T14:24:04","modified_gmt":"2020-04-09T12:24:04","slug":"setzen-wir-digitales-auf-die-agenda-im-nd-einige-vorschlaege","status":"publish","type":"post","link":"https:\/\/nd-blog.de\/?p=1038","title":{"rendered":"Setzen wir Digitales auf die Agenda im ND &#8211; Einige Vorschl\u00e4ge"},"content":{"rendered":"\n<p>Folgenden Gedanken w\u00fcrde ich gern ins Verbandsgeschehen einspielen: Wie kommunizieren wir im ND, sowohl die Netzwerker*innen im christlichen Geist als auch Bundesgeschwister, wenn das Corona-Schlamassel einigerma\u00dfen \u00fcberstanden ist? Und welche Kommunikationsm\u00f6glichkeiten werden wir den Mitgliedern und Interessierte in der Zwischenzeit er\u00f6ffnet haben?\u00a0<\/p>\n\n\n\n<p>Wir erleben gerade eine Bewegung weg von den Pr\u00e4senztreffen ins Digitale. Nicht nur in die gr\u00f6\u00dfte globale Maschinerie das (Telefon)Netz, sondern auch auf verschiedensten Konferenzplattformen und unterschiedlichen Kommunikationswegen im Web. Gerade erleben, durchleben, erleiden wir einen h\u00f6chst spannenden Augenblick des Experimentierens, wie wir, die wir sozial-physisch auf Distanz gehen m\u00fcssen, trotz allem die sozialen-psychischen Kontakte achtsam hegen &amp; pflegen m\u00fcssen. <\/p>\n\n\n\n<!--more-->\n\n\n\n<p>Der Ver\u00e4nderungsdruck ist immens [gerade auch in den beruflichen + gesellschaftlichen Feldern], aber auch die Neugier ist gro\u00df. Fehler sind erlaubt. Es herrscht \u2013 im Moment \u2013 eher Aufbruchsstimmung. Trotz aller berechtigter Sorgen und Zweifel. Am Ende werden wir digitaler &amp; kommunikativer, davon bin ich \u00fcberzeugt.<\/p>\n\n\n\n<p>Warum probieren wir im ND nicht JETZT ein paar digitale Tools aus? Nat\u00fcrlich m\u00fcssen wir \u2013 ich wiederhole ich mich gern \u2013 wenn die Bedr\u00e4ngnis relativ vorbei ist, genau pr\u00fcfen, was war f\u00f6rderlich f\u00fcr uns pers\u00f6nlich und f\u00fcr den Verband und was nicht. Und unsere Erfahrungen wie Erkenntnisse in einem Konzept verfl\u00fcssigen?<\/p>\n\n\n\n<p><strong>Machen &nbsp;wir ernst mit der Digitalen Agenda !<\/strong><\/p>\n\n\n\n<p>\u00dcber ein paar Punkte erw\u00e4gen wir schon seit l\u00e4ngerem. F\u00fcr manche gibt es bereits Beschlusslage<\/p>\n\n\n\n<p>Lasst sie uns JETZT ausprobieren. Meinetwegen f\u00fcr einen begrenzen Zeitraum. Erm\u00f6glichen wir \u2013 gerade in dieser Krisenzeit &#8211; eine breitere Kommunikation im ND. <\/p>\n\n\n\n<p><strong>Dialogforen \/ ND-Chatrooms<\/strong>, um befristet interessante Themen unter Interessierten ND\u2019erInnen zu debattieren. Etwa: Wie feiert Ihr Gottesdienst in Zeiten eines Versammlungsverbots, Wir kommuniziert ihr in Eurer Gruppe, Wie ver\u00e4ndert der Virus Eure Leben? \u00a0Was ist Euch besonders wichtig, nahezu heilig?\u00a0 <\/p>\n\n\n\n<p>Sehr pers\u00f6nlich, es lassen sich nat\u00fcrlich auch die gr\u00f6\u00dferen Fragen aufmachen nach der Erneuerung der Kirche. Ein Forum l\u00e4sst sich sicherlich auch auf externen Seiten und Programmen hosten. Unter Garantie findet sich verantwortliche Moderatorinnen. Die Topics werden zeitlich begrenzt, um ihre Aktualit\u00e4t zu gew\u00e4hrleisten. An dieser Stelle braucht es einen Auftrag an den technischen Support. Und wir haben in ND-Reihen durchaus f\u00e4hige &amp; bereitwillige Nerds, die Foren einrichten k\u00f6nnen.<\/p>\n\n\n\n<p>Der <strong>NextDay-Blog<\/strong> wird f\u00fcr Bundesgeschwister ge\u00f6ffnet und nochmals im gesamten ND (etwa durch ein ND-Aktuell) beworben. Umsetzungsaufwand: gering, l\u00e4sst sich innerhalb weniger Tage realisieren. Eine Verlinkung auf der ND-Webseite sollte kein Problem sein. \u00a0 <\/p>\n\n\n\n<p>Die Gesch\u00e4ftsstelle k\u00f6nnte zwei \/drei <strong>Lizenzen f\u00fcr verbandliche Videokonferenzen \/ Telefonkonferenzen<\/strong> zur Verf\u00fcgung stellen. Diese werden ohnehin f\u00fcr eine effiziente <\/p>\n\n\n\n<p>Verbandsorganisation ben\u00f6tigt. Ich denke, einge Verantwortliche in Arbeitskreisen und Regionen w\u00e4ren dankbar.<\/p>\n\n\n\n<p><strong>Mailing-Listen f\u00fcr Aktive in &amp; Interessierte <\/strong>an Arbeitskreisen, Regionen und Veranstaltungen einrichten, falls die jeweils Verantwortlichen dies w\u00fcnschen und sie auch betreiben.<\/p>\n\n\n\n<p>Reaktivierung des <strong>ND-CMS <\/strong>f\u00fcr diejenigen Arbeitskreise, Regionen und Veranstaltungen, die dies w\u00fcnschen. Das CMS stellt einheitliches Erscheinungsbild sicher. \u00dcber Vorgaben, struktureller Natur m\u00fcssten wir uns sicher verst\u00e4ndigen)<\/p>\n\n\n\n<p>Es gibt digital Affine wie Native im ND. Aktivieren wir sie!<\/p>\n\n\n\n<p><\/p>\n","protected":false},"excerpt":{"rendered":"<p>Folgenden Gedanken w\u00fcrde ich gern ins Verbandsgeschehen einspielen: Wie kommunizieren wir im ND, sowohl die Netzwerker*innen im christlichen Geist als auch Bundesgeschwister, wenn das Corona-Schlamassel einigerma\u00dfen \u00fcberstanden ist? Und welche Kommunikationsm\u00f6glichkeiten werden wir den Mitgliedern und Interessierte in der Zwischenzeit er\u00f6ffnet haben?\u00a0 Wir erleben gerade eine Bewegung weg von den Pr\u00e4senztreffen ins Digitale. Nicht nur &hellip; <a href=\"https:\/\/nd-blog.de\/?p=1038\" class=\"more-link\"><span class=\"screen-reader-text\">Setzen wir Digitales auf die Agenda im ND &#8211; Einige Vorschl\u00e4ge<\/span> weiterlesen<\/a><\/p>\n","protected":false},"author":3,"featured_media":1041,"comment_status":"open","ping_status":"closed","sticky":false,"template":"","format":"standard","meta":{"jetpack_post_was_ever_published":false,"_jetpack_newsletter_access":"","_jetpack_dont_email_post_to_subs":false,"_jetpack_newsletter_tier_id":0,"_jetpack_memberships_contains_paywalled_content":false,"_jetpack_memberships_contains_paid_content":false,"footnotes":"","jetpack_publicize_message":"","jetpack_publicize_feature_enabled":true,"jetpack_social_post_already_shared":true,"jetpack_social_options":{"image_generator_settings":{"template":"highway","default_image_id":0,"font":"","enabled":false},"version":2}},"categories":[23,16,6,18],"tags":[],"class_list":["post-1038","post","type-post","status-publish","format-standard","has-post-thumbnail","hentry","category-leben-mit-corona","category-nd-entwicklungsprozess","category-nextday","category-zukunft-des-nd"],"jetpack_publicize_connections":[],"jetpack_featured_media_url":"https:\/\/i0.wp.com\/nd-blog.de\/wp-content\/uploads\/2020\/04\/netzwerk-erde.jpg?fit=1893%2C1266&ssl=1","jetpack_sharing_enabled":true,"jetpack_shortlink":"https:\/\/wp.me\/p8Nw5X-gK","jetpack-related-posts":[],"_links":{"self":[{"href":"https:\/\/nd-blog.de\/index.php?rest_route=\/wp\/v2\/posts\/1038","targetHints":{"allow":["GET"]}}],"collection":[{"href":"https:\/\/nd-blog.de\/index.php?rest_route=\/wp\/v2\/posts"}],"about":[{"href":"https:\/\/nd-blog.de\/index.php?rest_route=\/wp\/v2\/types\/post"}],"author":[{"embeddable":true,"href":"https:\/\/nd-blog.de\/index.php?rest_route=\/wp\/v2\/users\/3"}],"replies":[{"embeddable":true,"href":"https:\/\/nd-blog.de\/index.php?rest_route=%2Fwp%2Fv2%2Fcomments&post=1038"}],"version-history":[{"count":3,"href":"https:\/\/nd-blog.de\/index.php?rest_route=\/wp\/v2\/posts\/1038\/revisions"}],"predecessor-version":[{"id":1042,"href":"https:\/\/nd-blog.de\/index.php?rest_route=\/wp\/v2\/posts\/1038\/revisions\/1042"}],"wp:featuredmedia":[{"embeddable":true,"href":"https:\/\/nd-blog.de\/index.php?rest_route=\/wp\/v2\/media\/1041"}],"wp:attachment":[{"href":"https:\/\/nd-blog.de\/index.php?rest_route=%2Fwp%2Fv2%2Fmedia&parent=1038"}],"wp:term":[{"taxonomy":"category","embeddable":true,"href":"https:\/\/nd-blog.de\/index.php?rest_route=%2Fwp%2Fv2%2Fcategories&post=1038"},{"taxonomy":"post_tag","embeddable":true,"href":"https:\/\/nd-blog.de\/index.php?rest_route=%2Fwp%2Fv2%2Ftags&post=1038"}],"curies":[{"name":"wp","href":"https:\/\/api.w.org\/{rel}","templated":true}]}}